{"id":939,"date":"2021-05-03T04:08:28","date_gmt":"2021-05-03T04:08:28","guid":{"rendered":"https:\/\/inesweinbergderoca.com\/?p=939"},"modified":"2021-05-22T04:36:25","modified_gmt":"2021-05-22T04:36:25","slug":"el-desafio-de-hacer-justicia-despues-del-horror","status":"publish","type":"post","link":"https:\/\/inesweinbergderoca.com\/index.php\/2021\/05\/03\/el-desafio-de-hacer-justicia-despues-del-horror\/","title":{"rendered":"El desaf\u00edo de hacer justicia despu\u00e9s del horror"},"content":{"rendered":"\t\t<div data-elementor-type=\"wp-post\" data-elementor-id=\"939\" class=\"elementor elementor-939\" data-elementor-post-type=\"post\">\n\t\t\t\t\t\t<section class=\"elementor-section elementor-top-section elementor-element elementor-element-88816ab elementor-section-boxed elementor-section-height-default elementor-section-height-default\" data-id=\"88816ab\" data-element_type=\"section\" data-e-type=\"section\">\n\t\t\t\t\t\t<div class=\"elementor-container elementor-column-gap-default\">\n\t\t\t\t\t<div class=\"elementor-column elementor-col-100 elementor-top-column elementor-element elementor-element-15633a3\" data-id=\"15633a3\" data-element_type=\"column\" data-e-type=\"column\">\n\t\t\t<div class=\"elementor-widget-wrap elementor-element-populated\">\n\t\t\t\t\t\t<div class=\"elementor-element elementor-element-8c5ba62 elementor-widget elementor-widget-spacer\" data-id=\"8c5ba62\" data-element_type=\"widget\" data-e-type=\"widget\" data-widget_type=\"spacer.default\">\n\t\t\t\t<div class=\"elementor-widget-container\">\n\t\t\t\t\t\t\t<div class=\"elementor-spacer\">\n\t\t\t<div class=\"elementor-spacer-inner\"><\/div>\n\t\t<\/div>\n\t\t\t\t\t\t<\/div>\n\t\t\t\t<\/div>\n\t\t\t\t<div class=\"elementor-element elementor-element-8585ae3 elementor-widget elementor-widget-text-editor\" data-id=\"8585ae3\" data-element_type=\"widget\" data-e-type=\"widget\" data-widget_type=\"text-editor.default\">\n\t\t\t\t<div class=\"elementor-widget-container\">\n\t\t\t\t\t\t\t\t\t<p class=\"com-paragraph --capital --s\">In\u00e9s Weinberg de Roca es una magistrada con una asombrosa adaptaci\u00f3n al medio. Podr\u00eda suponerse que ello corresponde a la personalidad de un juez que, obligado a adaptarse al escenario donde administra justicia, debe fallar tanto en un caso de genocidio -en un tribunal internacional- como en un litigio sobre adoquines en el casco hist\u00f3rico de Buenos Aires -en un juzgado contencioso administrativo-, o en un pleito entre empleados de la ONU, al llegar al Tribunal de Apelaci\u00f3n de Naciones Unidas (ONU).<\/p>\t\t\t\t\t\t\t\t<\/div>\n\t\t\t\t<\/div>\n\t\t\t\t\t<\/div>\n\t\t<\/div>\n\t\t\t\t\t<\/div>\n\t\t<\/section>\n\t\t\t\t<section class=\"elementor-section elementor-top-section elementor-element elementor-element-c6548e5 elementor-section-boxed elementor-section-height-default elementor-section-height-default\" data-id=\"c6548e5\" data-element_type=\"section\" data-e-type=\"section\" data-settings=\"{&quot;background_background&quot;:&quot;classic&quot;}\">\n\t\t\t\t\t\t<div class=\"elementor-container elementor-column-gap-default\">\n\t\t\t\t\t<div class=\"elementor-column elementor-col-100 elementor-top-column elementor-element elementor-element-d5bb7ef\" data-id=\"d5bb7ef\" data-element_type=\"column\" data-e-type=\"column\">\n\t\t\t<div class=\"elementor-widget-wrap elementor-element-populated\">\n\t\t\t\t\t\t<div class=\"elementor-element elementor-element-96e53f0 elementor-widget elementor-widget-spacer\" data-id=\"96e53f0\" data-element_type=\"widget\" data-e-type=\"widget\" data-widget_type=\"spacer.default\">\n\t\t\t\t<div class=\"elementor-widget-container\">\n\t\t\t\t\t\t\t<div class=\"elementor-spacer\">\n\t\t\t<div class=\"elementor-spacer-inner\"><\/div>\n\t\t<\/div>\n\t\t\t\t\t\t<\/div>\n\t\t\t\t<\/div>\n\t\t\t\t<div class=\"elementor-element elementor-element-e849315 elementor-align-center elementor-widget elementor-widget-button\" data-id=\"e849315\" data-element_type=\"widget\" data-e-type=\"widget\" data-widget_type=\"button.default\">\n\t\t\t\t<div class=\"elementor-widget-container\">\n\t\t\t\t\t\t\t\t\t<div class=\"elementor-button-wrapper\">\n\t\t\t\t\t<a class=\"elementor-button elementor-button-link elementor-size-sm\" href=\"https:\/\/www.lanacion.com.ar\/opinion\/ines-weinberg-de-roca-el-desafio-de-hacer-justicia-despues-del-horror-nid1110809\/\" target=\"_blank\">\n\t\t\t\t\t\t<span class=\"elementor-button-content-wrapper\">\n\t\t\t\t\t\t\t\t\t<span class=\"elementor-button-text\">VER NOTA COMPLETA<\/span>\n\t\t\t\t\t<\/span>\n\t\t\t\t\t<\/a>\n\t\t\t\t<\/div>\n\t\t\t\t\t\t\t\t<\/div>\n\t\t\t\t<\/div>\n\t\t\t\t\t<\/div>\n\t\t<\/div>\n\t\t\t\t\t<\/div>\n\t\t<\/section>\n\t\t\t\t<section class=\"elementor-section elementor-top-section elementor-element elementor-element-0fc3d36 elementor-section-boxed elementor-section-height-default elementor-section-height-default\" data-id=\"0fc3d36\" data-element_type=\"section\" data-e-type=\"section\">\n\t\t\t\t\t\t<div class=\"elementor-container elementor-column-gap-default\">\n\t\t\t\t\t<div class=\"elementor-column elementor-col-100 elementor-top-column elementor-element elementor-element-2d7510e\" data-id=\"2d7510e\" data-element_type=\"column\" data-e-type=\"column\">\n\t\t\t<div class=\"elementor-widget-wrap elementor-element-populated\">\n\t\t\t\t\t\t<div class=\"elementor-element elementor-element-39a1d43 elementor-widget elementor-widget-text-editor\" data-id=\"39a1d43\" data-element_type=\"widget\" data-e-type=\"widget\" data-widget_type=\"text-editor.default\">\n\t\t\t\t<div class=\"elementor-widget-container\">\n\t\t\t\t\t\t\t\t\t<p><a href=\"https:\/\/www.lanacion.com.ar\/opinion\/ines-weinberg-de-roca-el-desafio-de-hacer-justicia-despues-del-horror-nid1110809\/\">https:\/\/www.lanacion.com.ar\/opinion\/ines-weinberg-de-roca-el-desafio-de-hacer-justicia-despues-del-horror-nid1110809\/<\/a><\/p>\t\t\t\t\t\t\t\t<\/div>\n\t\t\t\t<\/div>\n\t\t\t\t<div class=\"elementor-element elementor-element-89297f3 elementor-widget elementor-widget-text-editor\" data-id=\"89297f3\" data-element_type=\"widget\" data-e-type=\"widget\" data-widget_type=\"text-editor.default\">\n\t\t\t\t<div class=\"elementor-widget-container\">\n\t\t\t\t\t\t\t\t\t<p>Diario La Naci\u00f3n 29 de Marzo de 2009<\/p>\t\t\t\t\t\t\t\t<\/div>\n\t\t\t\t<\/div>\n\t\t\t\t\t<\/div>\n\t\t<\/div>\n\t\t\t\t\t<\/div>\n\t\t<\/section>\n\t\t\t\t<section class=\"elementor-section elementor-top-section elementor-element elementor-element-ad29e5f elementor-section-boxed elementor-section-height-default elementor-section-height-default\" data-id=\"ad29e5f\" data-element_type=\"section\" data-e-type=\"section\">\n\t\t\t\t\t\t<div class=\"elementor-container elementor-column-gap-default\">\n\t\t\t\t\t<div class=\"elementor-column elementor-col-100 elementor-top-column elementor-element elementor-element-665b971\" data-id=\"665b971\" data-element_type=\"column\" data-e-type=\"column\">\n\t\t\t<div class=\"elementor-widget-wrap elementor-element-populated\">\n\t\t\t\t\t\t<div class=\"elementor-element elementor-element-875c869 elementor-widget elementor-widget-spacer\" data-id=\"875c869\" data-element_type=\"widget\" data-e-type=\"widget\" data-widget_type=\"spacer.default\">\n\t\t\t\t<div class=\"elementor-widget-container\">\n\t\t\t\t\t\t\t<div class=\"elementor-spacer\">\n\t\t\t<div class=\"elementor-spacer-inner\"><\/div>\n\t\t<\/div>\n\t\t\t\t\t\t<\/div>\n\t\t\t\t<\/div>\n\t\t\t\t<div class=\"elementor-element elementor-element-f044782 elementor-post-navigation-borders-yes elementor-widget elementor-widget-post-navigation\" data-id=\"f044782\" data-element_type=\"widget\" data-e-type=\"widget\" data-widget_type=\"post-navigation.default\">\n\t\t\t\t<div class=\"elementor-widget-container\">\n\t\t\t\t\t\t\t<div class=\"elementor-post-navigation\" role=\"navigation\" aria-label=\"Post Navigation\">\n\t\t\t<div class=\"elementor-post-navigation__prev elementor-post-navigation__link\">\n\t\t\t\t\t\t\t<\/div>\n\t\t\t\t\t\t\t<div class=\"elementor-post-navigation__separator-wrapper\">\n\t\t\t\t\t<div class=\"elementor-post-navigation__separator\"><\/div>\n\t\t\t\t<\/div>\n\t\t\t\t\t\t<div class=\"elementor-post-navigation__next elementor-post-navigation__link\">\n\t\t\t\t<a href=\"https:\/\/inesweinbergderoca.com\/index.php\/2021\/05\/05\/dia-internacional-de-las-victimas\/\" rel=\"next\"><span class=\"elementor-post-navigation__link__next\"><span class=\"post-navigation__next--label\">POSTERIOR<\/span><span class=\"post-navigation__next--title\">D\u00eda Internacional de las v\u00edctimas de desapariciones forzadas<\/span><\/span><span class=\"post-navigation__arrow-wrapper post-navigation__arrow-next\"><i aria-hidden=\"true\" class=\"fas fa-angle-right\"><\/i><span class=\"elementor-screen-only\">Next<\/span><\/span><\/a>\t\t\t<\/div>\n\t\t<\/div>\n\t\t\t\t\t\t<\/div>\n\t\t\t\t<\/div>\n\t\t\t\t\t<\/div>\n\t\t<\/div>\n\t\t\t\t\t<\/div>\n\t\t<\/section>\n\t\t\t\t<\/div>\n\t\t","protected":false},"excerpt":{"rendered":"<p>In\u00e9s Weinberg de Roca es una magistrada con una asombrosa adaptaci\u00f3n al medio. Podr\u00eda suponerse que ello corresponde a la personalidad de un juez que, obligado a adaptarse al escenario donde administra justicia, debe fallar tanto en un caso de genocidio -en un tribunal internacional- como en un litigio sobre adoquines en el casco hist\u00f3rico <a class=\"more-link\" href=\"https:\/\/inesweinbergderoca.com\/index.php\/2021\/05\/03\/el-desafio-de-hacer-justicia-despues-del-horror\/\">Continue reading <i class=\"fa fa-chevron-right\"><\/i><\/a><\/p>\n","protected":false},"author":1,"featured_media":0,"comment_status":"closed","ping_status":"closed","sticky":false,"template":"elementor_header_footer","format":"standard","meta":{"_monsterinsights_skip_tracking":false,"_monsterinsights_sitenote_active":false,"_monsterinsights_sitenote_note":"","_monsterinsights_sitenote_category":0,"footnotes":""},"categories":[10],"tags":[],"class_list":["post-939","post","type-post","status-publish","format-standard","hentry","category-memoria"],"yoast_head":"<!-- This site is optimized with the Yoast SEO plugin v27.5 - https:\/\/yoast.com\/product\/yoast-seo-wordpress\/ -->\n<title>El desaf\u00edo de hacer justicia despu\u00e9s del horror &#062; In\u00e9s Weinberg de Roca<\/title>\n<meta name=\"robots\" content=\"index, follow, max-snippet:-1, max-image-preview:large, max-video-preview:-1\" \/>\n<link rel=\"canonical\" href=\"https:\/\/inesweinbergderoca.com\/index.php\/2021\/05\/03\/el-desafio-de-hacer-justicia-despues-del-horror\/\" \/>\n<meta property=\"og:locale\" content=\"es_ES\" \/>\n<meta property=\"og:type\" content=\"article\" \/>\n<meta property=\"og:title\" content=\"El desaf\u00edo de hacer justicia despu\u00e9s del horror &#062; In\u00e9s Weinberg de Roca\" \/>\n<meta property=\"og:description\" content=\"In\u00e9s Weinberg de Roca es una magistrada con una asombrosa adaptaci\u00f3n al medio. Podr\u00eda suponerse que ello corresponde a la personalidad de un juez que, obligado a adaptarse al escenario donde administra justicia, debe fallar tanto en un caso de genocidio -en un tribunal internacional- como en un litigio sobre adoquines en el casco hist\u00f3rico Continue reading\" \/>\n<meta property=\"og:url\" content=\"https:\/\/inesweinbergderoca.com\/index.php\/2021\/05\/03\/el-desafio-de-hacer-justicia-despues-del-horror\/\" \/>\n<meta property=\"og:site_name\" content=\"In\u00e9s Weinberg de Roca\" \/>\n<meta property=\"article:published_time\" content=\"2021-05-03T04:08:28+00:00\" \/>\n<meta property=\"article:modified_time\" content=\"2021-05-22T04:36:25+00:00\" \/>\n<meta name=\"author\" content=\"Susana2021\" \/>\n<meta name=\"twitter:card\" content=\"summary_large_image\" \/>\n<meta name=\"twitter:label1\" content=\"Escrito por\" \/>\n\t<meta name=\"twitter:data1\" content=\"Susana2021\" \/>\n\t<meta name=\"twitter:label2\" content=\"Tiempo de lectura\" \/>\n\t<meta name=\"twitter:data2\" content=\"1 minuto\" \/>\n<script type=\"application\/ld+json\" class=\"yoast-schema-graph\">{\"@context\":\"https:\\\/\\\/schema.org\",\"@graph\":[{\"@type\":\"Article\",\"@id\":\"https:\\\/\\\/inesweinbergderoca.com\\\/index.php\\\/2021\\\/05\\\/03\\\/el-desafio-de-hacer-justicia-despues-del-horror\\\/#article\",\"isPartOf\":{\"@id\":\"https:\\\/\\\/inesweinbergderoca.com\\\/index.php\\\/2021\\\/05\\\/03\\\/el-desafio-de-hacer-justicia-despues-del-horror\\\/\"},\"author\":{\"name\":\"Susana2021\",\"@id\":\"https:\\\/\\\/inesweinbergderoca.com\\\/#\\\/schema\\\/person\\\/e935f5cfe8b9d91e4e11182ac4455393\"},\"headline\":\"El desaf\u00edo de hacer justicia despu\u00e9s del horror\",\"datePublished\":\"2021-05-03T04:08:28+00:00\",\"dateModified\":\"2021-05-22T04:36:25+00:00\",\"mainEntityOfPage\":{\"@id\":\"https:\\\/\\\/inesweinbergderoca.com\\\/index.php\\\/2021\\\/05\\\/03\\\/el-desafio-de-hacer-justicia-despues-del-horror\\\/\"},\"wordCount\":114,\"publisher\":{\"@id\":\"https:\\\/\\\/inesweinbergderoca.com\\\/#\\\/schema\\\/person\\\/e935f5cfe8b9d91e4e11182ac4455393\"},\"articleSection\":[\"memoria\"],\"inLanguage\":\"es-AR\"},{\"@type\":\"WebPage\",\"@id\":\"https:\\\/\\\/inesweinbergderoca.com\\\/index.php\\\/2021\\\/05\\\/03\\\/el-desafio-de-hacer-justicia-despues-del-horror\\\/\",\"url\":\"https:\\\/\\\/inesweinbergderoca.com\\\/index.php\\\/2021\\\/05\\\/03\\\/el-desafio-de-hacer-justicia-despues-del-horror\\\/\",\"name\":\"El desaf\u00edo de hacer justicia despu\u00e9s del horror &#062; In\u00e9s Weinberg de Roca\",\"isPartOf\":{\"@id\":\"https:\\\/\\\/inesweinbergderoca.com\\\/#website\"},\"datePublished\":\"2021-05-03T04:08:28+00:00\",\"dateModified\":\"2021-05-22T04:36:25+00:00\",\"breadcrumb\":{\"@id\":\"https:\\\/\\\/inesweinbergderoca.com\\\/index.php\\\/2021\\\/05\\\/03\\\/el-desafio-de-hacer-justicia-despues-del-horror\\\/#breadcrumb\"},\"inLanguage\":\"es-AR\",\"potentialAction\":[{\"@type\":\"ReadAction\",\"target\":[\"https:\\\/\\\/inesweinbergderoca.com\\\/index.php\\\/2021\\\/05\\\/03\\\/el-desafio-de-hacer-justicia-despues-del-horror\\\/\"]}]},{\"@type\":\"BreadcrumbList\",\"@id\":\"https:\\\/\\\/inesweinbergderoca.com\\\/index.php\\\/2021\\\/05\\\/03\\\/el-desafio-de-hacer-justicia-despues-del-horror\\\/#breadcrumb\",\"itemListElement\":[{\"@type\":\"ListItem\",\"position\":1,\"name\":\"Inicio\",\"item\":\"https:\\\/\\\/inesweinbergderoca.com\\\/\"},{\"@type\":\"ListItem\",\"position\":2,\"name\":\"El desaf\u00edo de hacer justicia despu\u00e9s del horror\"}]},{\"@type\":\"WebSite\",\"@id\":\"https:\\\/\\\/inesweinbergderoca.com\\\/#website\",\"url\":\"https:\\\/\\\/inesweinbergderoca.com\\\/\",\"name\":\"Ines Weinberg de Roca Sitio Oficial\",\"description\":\"\",\"publisher\":{\"@id\":\"https:\\\/\\\/inesweinbergderoca.com\\\/#\\\/schema\\\/person\\\/e935f5cfe8b9d91e4e11182ac4455393\"},\"potentialAction\":[{\"@type\":\"SearchAction\",\"target\":{\"@type\":\"EntryPoint\",\"urlTemplate\":\"https:\\\/\\\/inesweinbergderoca.com\\\/?s={search_term_string}\"},\"query-input\":{\"@type\":\"PropertyValueSpecification\",\"valueRequired\":true,\"valueName\":\"search_term_string\"}}],\"inLanguage\":\"es-AR\"},{\"@type\":[\"Person\",\"Organization\"],\"@id\":\"https:\\\/\\\/inesweinbergderoca.com\\\/#\\\/schema\\\/person\\\/e935f5cfe8b9d91e4e11182ac4455393\",\"name\":\"Susana2021\",\"image\":{\"@type\":\"ImageObject\",\"inLanguage\":\"es-AR\",\"@id\":\"https:\\\/\\\/inesweinbergderoca.com\\\/wp-content\\\/uploads\\\/2021\\\/06\\\/cropped-favicon.jpg\",\"url\":\"https:\\\/\\\/inesweinbergderoca.com\\\/wp-content\\\/uploads\\\/2021\\\/06\\\/cropped-favicon.jpg\",\"contentUrl\":\"https:\\\/\\\/inesweinbergderoca.com\\\/wp-content\\\/uploads\\\/2021\\\/06\\\/cropped-favicon.jpg\",\"width\":512,\"height\":512,\"caption\":\"Susana2021\"},\"logo\":{\"@id\":\"https:\\\/\\\/inesweinbergderoca.com\\\/wp-content\\\/uploads\\\/2021\\\/06\\\/cropped-favicon.jpg\"},\"sameAs\":[\"https:\\\/\\\/inesweinbergderoca.com\"],\"url\":\"https:\\\/\\\/inesweinbergderoca.com\\\/index.php\\\/author\\\/susana2021\\\/\"}]}<\/script>\n<!-- \/ Yoast SEO plugin. -->","yoast_head_json":{"title":"El desaf\u00edo de hacer justicia despu\u00e9s del horror &#062; In\u00e9s Weinberg de Roca","robots":{"index":"index","follow":"follow","max-snippet":"max-snippet:-1","max-image-preview":"max-image-preview:large","max-video-preview":"max-video-preview:-1"},"canonical":"https:\/\/inesweinbergderoca.com\/index.php\/2021\/05\/03\/el-desafio-de-hacer-justicia-despues-del-horror\/","og_locale":"es_ES","og_type":"article","og_title":"El desaf\u00edo de hacer justicia despu\u00e9s del horror &#062; In\u00e9s Weinberg de Roca","og_description":"In\u00e9s Weinberg de Roca es una magistrada con una asombrosa adaptaci\u00f3n al medio. Podr\u00eda suponerse que ello corresponde a la personalidad de un juez que, obligado a adaptarse al escenario donde administra justicia, debe fallar tanto en un caso de genocidio -en un tribunal internacional- como en un litigio sobre adoquines en el casco hist\u00f3rico Continue reading","og_url":"https:\/\/inesweinbergderoca.com\/index.php\/2021\/05\/03\/el-desafio-de-hacer-justicia-despues-del-horror\/","og_site_name":"In\u00e9s Weinberg de Roca","article_published_time":"2021-05-03T04:08:28+00:00","article_modified_time":"2021-05-22T04:36:25+00:00","author":"Susana2021","twitter_card":"summary_large_image","twitter_misc":{"Escrito por":"Susana2021","Tiempo de lectura":"1 minuto"},"schema":{"@context":"https:\/\/schema.org","@graph":[{"@type":"Article","@id":"https:\/\/inesweinbergderoca.com\/index.php\/2021\/05\/03\/el-desafio-de-hacer-justicia-despues-del-horror\/#article","isPartOf":{"@id":"https:\/\/inesweinbergderoca.com\/index.php\/2021\/05\/03\/el-desafio-de-hacer-justicia-despues-del-horror\/"},"author":{"name":"Susana2021","@id":"https:\/\/inesweinbergderoca.com\/#\/schema\/person\/e935f5cfe8b9d91e4e11182ac4455393"},"headline":"El desaf\u00edo de hacer justicia despu\u00e9s del horror","datePublished":"2021-05-03T04:08:28+00:00","dateModified":"2021-05-22T04:36:25+00:00","mainEntityOfPage":{"@id":"https:\/\/inesweinbergderoca.com\/index.php\/2021\/05\/03\/el-desafio-de-hacer-justicia-despues-del-horror\/"},"wordCount":114,"publisher":{"@id":"https:\/\/inesweinbergderoca.com\/#\/schema\/person\/e935f5cfe8b9d91e4e11182ac4455393"},"articleSection":["memoria"],"inLanguage":"es-AR"},{"@type":"WebPage","@id":"https:\/\/inesweinbergderoca.com\/index.php\/2021\/05\/03\/el-desafio-de-hacer-justicia-despues-del-horror\/","url":"https:\/\/inesweinbergderoca.com\/index.php\/2021\/05\/03\/el-desafio-de-hacer-justicia-despues-del-horror\/","name":"El desaf\u00edo de hacer justicia despu\u00e9s del horror &#062; In\u00e9s Weinberg de Roca","isPartOf":{"@id":"https:\/\/inesweinbergderoca.com\/#website"},"datePublished":"2021-05-03T04:08:28+00:00","dateModified":"2021-05-22T04:36:25+00:00","breadcrumb":{"@id":"https:\/\/inesweinbergderoca.com\/index.php\/2021\/05\/03\/el-desafio-de-hacer-justicia-despues-del-horror\/#breadcrumb"},"inLanguage":"es-AR","potentialAction":[{"@type":"ReadAction","target":["https:\/\/inesweinbergderoca.com\/index.php\/2021\/05\/03\/el-desafio-de-hacer-justicia-despues-del-horror\/"]}]},{"@type":"BreadcrumbList","@id":"https:\/\/inesweinbergderoca.com\/index.php\/2021\/05\/03\/el-desafio-de-hacer-justicia-despues-del-horror\/#breadcrumb","itemListElement":[{"@type":"ListItem","position":1,"name":"Inicio","item":"https:\/\/inesweinbergderoca.com\/"},{"@type":"ListItem","position":2,"name":"El desaf\u00edo de hacer justicia despu\u00e9s del horror"}]},{"@type":"WebSite","@id":"https:\/\/inesweinbergderoca.com\/#website","url":"https:\/\/inesweinbergderoca.com\/","name":"Ines Weinberg de Roca Sitio Oficial","description":"","publisher":{"@id":"https:\/\/inesweinbergderoca.com\/#\/schema\/person\/e935f5cfe8b9d91e4e11182ac4455393"},"potentialAction":[{"@type":"SearchAction","target":{"@type":"EntryPoint","urlTemplate":"https:\/\/inesweinbergderoca.com\/?s={search_term_string}"},"query-input":{"@type":"PropertyValueSpecification","valueRequired":true,"valueName":"search_term_string"}}],"inLanguage":"es-AR"},{"@type":["Person","Organization"],"@id":"https:\/\/inesweinbergderoca.com\/#\/schema\/person\/e935f5cfe8b9d91e4e11182ac4455393","name":"Susana2021","image":{"@type":"ImageObject","inLanguage":"es-AR","@id":"https:\/\/inesweinbergderoca.com\/wp-content\/uploads\/2021\/06\/cropped-favicon.jpg","url":"https:\/\/inesweinbergderoca.com\/wp-content\/uploads\/2021\/06\/cropped-favicon.jpg","contentUrl":"https:\/\/inesweinbergderoca.com\/wp-content\/uploads\/2021\/06\/cropped-favicon.jpg","width":512,"height":512,"caption":"Susana2021"},"logo":{"@id":"https:\/\/inesweinbergderoca.com\/wp-content\/uploads\/2021\/06\/cropped-favicon.jpg"},"sameAs":["https:\/\/inesweinbergderoca.com"],"url":"https:\/\/inesweinbergderoca.com\/index.php\/author\/susana2021\/"}]}},"_links":{"self":[{"href":"https:\/\/inesweinbergderoca.com\/index.php\/wp-json\/wp\/v2\/posts\/939","targetHints":{"allow":["GET"]}}],"collection":[{"href":"https:\/\/inesweinbergderoca.com\/index.php\/wp-json\/wp\/v2\/posts"}],"about":[{"href":"https:\/\/inesweinbergderoca.com\/index.php\/wp-json\/wp\/v2\/types\/post"}],"author":[{"embeddable":true,"href":"https:\/\/inesweinbergderoca.com\/index.php\/wp-json\/wp\/v2\/users\/1"}],"replies":[{"embeddable":true,"href":"https:\/\/inesweinbergderoca.com\/index.php\/wp-json\/wp\/v2\/comments?post=939"}],"version-history":[{"count":10,"href":"https:\/\/inesweinbergderoca.com\/index.php\/wp-json\/wp\/v2\/posts\/939\/revisions"}],"predecessor-version":[{"id":1027,"href":"https:\/\/inesweinbergderoca.com\/index.php\/wp-json\/wp\/v2\/posts\/939\/revisions\/1027"}],"wp:attachment":[{"href":"https:\/\/inesweinbergderoca.com\/index.php\/wp-json\/wp\/v2\/media?parent=939"}],"wp:term":[{"taxonomy":"category","embeddable":true,"href":"https:\/\/inesweinbergderoca.com\/index.php\/wp-json\/wp\/v2\/categories?post=939"},{"taxonomy":"post_tag","embeddable":true,"href":"https:\/\/inesweinbergderoca.com\/index.php\/wp-json\/wp\/v2\/tags?post=939"}],"curies":[{"name":"wp","href":"https:\/\/api.w.org\/{rel}","templated":true}]}}