{"id":572,"date":"2021-05-20T22:55:37","date_gmt":"2021-05-20T22:55:37","guid":{"rendered":"https:\/\/inesweinbergderoca.com\/?p=572"},"modified":"2021-05-22T04:33:44","modified_gmt":"2021-05-22T04:33:44","slug":"a-75-anos-de-los-juicios-de-nuremberg","status":"publish","type":"post","link":"https:\/\/inesweinbergderoca.com\/index.php\/2021\/05\/20\/a-75-anos-de-los-juicios-de-nuremberg\/","title":{"rendered":"A 75 a\u00f1os de los juicios de N\u00faremberg"},"content":{"rendered":"\t\t<div data-elementor-type=\"wp-post\" data-elementor-id=\"572\" class=\"elementor elementor-572\" data-elementor-post-type=\"post\">\n\t\t\t\t\t\t<section class=\"elementor-section elementor-top-section elementor-element elementor-element-009e9bd elementor-section-boxed elementor-section-height-default elementor-section-height-default\" data-id=\"009e9bd\" data-element_type=\"section\" data-e-type=\"section\">\n\t\t\t\t\t\t<div class=\"elementor-container elementor-column-gap-default\">\n\t\t\t\t\t<div class=\"elementor-column elementor-col-100 elementor-top-column elementor-element elementor-element-fd913ac\" data-id=\"fd913ac\" data-element_type=\"column\" data-e-type=\"column\">\n\t\t\t<div class=\"elementor-widget-wrap elementor-element-populated\">\n\t\t\t\t\t\t<div class=\"elementor-element elementor-element-fbd6c09 elementor-widget elementor-widget-spacer\" data-id=\"fbd6c09\" data-element_type=\"widget\" data-e-type=\"widget\" data-widget_type=\"spacer.default\">\n\t\t\t\t<div class=\"elementor-widget-container\">\n\t\t\t\t\t\t\t<div class=\"elementor-spacer\">\n\t\t\t<div class=\"elementor-spacer-inner\"><\/div>\n\t\t<\/div>\n\t\t\t\t\t\t<\/div>\n\t\t\t\t<\/div>\n\t\t\t\t<div class=\"elementor-element elementor-element-ea25102 elementor-widget elementor-widget-text-editor\" data-id=\"ea25102\" data-element_type=\"widget\" data-e-type=\"widget\" data-widget_type=\"text-editor.default\">\n\t\t\t\t<div class=\"elementor-widget-container\">\n\t\t\t\t\t\t\t\t\t<p><strong>El 21 de noviembre de 1945<\/strong>, frente al\u00a0<a class=\"com-link\" title=\"flamante Tribunal Militar de N\u00faremberg\" href=\"https:\/\/www.lanacion.com.ar\/opinion\/el-legado-juicios-nuremberg-75-anos-despues-nid2515829\" target=\"_self\" data-reactroot=\"\">flamante Tribunal Militar de N\u00faremberg<\/a>, el\u00a0<strong>fiscal de Estados Unidos, Robert Jackson, pronunci\u00f3 su memorable informe de apertura<\/strong>. En uno de sus fragmentos dijo:\u00a0<strong>&#8220;Este Tribunal, si bien es novedoso y experimental<\/strong>, no es producto de especulaciones abstractas ni fue creado para reivindicar teor\u00edas legalistas. [&#8230;] El sentido com\u00fan de la humanidad exige que la ley [&#8230;] tambi\u00e9n debe llegar a los hombres que poseen un gran poder y lo usan de manera deliberada y concertada para poner en movimiento males que no dejan intacto ning\u00fan hogar en el mundo&#8221;.<\/p><p>A 75 a\u00f1os del inicio de los juicios de N\u00faremberg es oportuno reflexionar sobre su legado, sobre cu\u00e1nto hemos avanzado y cu\u00e1nto hemos retrocedido, teniendo en cuenta \u2013en el caso de mi generaci\u00f3n\u2013 que nacimos en la posguerra y en los albores de la Guerra Fr\u00eda con la t\u00e1cita responsabilidad de asegurar los beneficios de la paz para las generaciones venideras. Jackson fue un art\u00edfice muy activo en la conformaci\u00f3n del Tribunal y en la creaci\u00f3n de la normativa de derecho internacional que se aplic\u00f3 en los juicios, y aleg\u00f3 que lo que estaba en juego era la civilizaci\u00f3n. En su intervenci\u00f3n dej\u00f3 claro que el Tribunal de N\u00faremberg no juzgaba al pueblo alem\u00e1n, sino a individuos nazis que hab\u00edan tenido responsabilidad en cuatro tipos de cr\u00edmenes que, con cr\u00edticas en contra y otras a favor, hab\u00edan sido tipificados especialmente para dichos procesos: conspiraci\u00f3n, cr\u00edmenes de guerra, cr\u00edmenes contra la paz y cr\u00edmenes contra la humanidad.<\/p>\t\t\t\t\t\t\t\t<\/div>\n\t\t\t\t<\/div>\n\t\t\t\t\t<\/div>\n\t\t<\/div>\n\t\t\t\t\t<\/div>\n\t\t<\/section>\n\t\t\t\t<section class=\"elementor-section elementor-top-section elementor-element elementor-element-6c5154c elementor-section-boxed elementor-section-height-default elementor-section-height-default\" data-id=\"6c5154c\" data-element_type=\"section\" data-e-type=\"section\" data-settings=\"{&quot;background_background&quot;:&quot;classic&quot;}\">\n\t\t\t\t\t\t<div class=\"elementor-container elementor-column-gap-default\">\n\t\t\t\t\t<div class=\"elementor-column elementor-col-100 elementor-top-column elementor-element elementor-element-e5e344f\" data-id=\"e5e344f\" data-element_type=\"column\" data-e-type=\"column\">\n\t\t\t<div class=\"elementor-widget-wrap elementor-element-populated\">\n\t\t\t\t\t\t<div class=\"elementor-element elementor-element-b689867 elementor-widget elementor-widget-spacer\" data-id=\"b689867\" data-element_type=\"widget\" data-e-type=\"widget\" data-widget_type=\"spacer.default\">\n\t\t\t\t<div class=\"elementor-widget-container\">\n\t\t\t\t\t\t\t<div class=\"elementor-spacer\">\n\t\t\t<div class=\"elementor-spacer-inner\"><\/div>\n\t\t<\/div>\n\t\t\t\t\t\t<\/div>\n\t\t\t\t<\/div>\n\t\t\t\t<div class=\"elementor-element elementor-element-dde5c4a elementor-align-center elementor-widget elementor-widget-button\" data-id=\"dde5c4a\" data-element_type=\"widget\" data-e-type=\"widget\" data-widget_type=\"button.default\">\n\t\t\t\t<div class=\"elementor-widget-container\">\n\t\t\t\t\t\t\t\t\t<div class=\"elementor-button-wrapper\">\n\t\t\t\t\t<a class=\"elementor-button elementor-button-link elementor-size-sm\" href=\"https:\/\/www.lanacion.com.ar\/opinion\/a-75-anos-juicios-nuremberg-nid2516025\/\" target=\"_blank\">\n\t\t\t\t\t\t<span class=\"elementor-button-content-wrapper\">\n\t\t\t\t\t\t\t\t\t<span class=\"elementor-button-text\">VER NOTA COMPLETA<\/span>\n\t\t\t\t\t<\/span>\n\t\t\t\t\t<\/a>\n\t\t\t\t<\/div>\n\t\t\t\t\t\t\t\t<\/div>\n\t\t\t\t<\/div>\n\t\t\t\t\t<\/div>\n\t\t<\/div>\n\t\t\t\t\t<\/div>\n\t\t<\/section>\n\t\t\t\t<section class=\"elementor-section elementor-top-section elementor-element elementor-element-c3c2991 elementor-section-boxed elementor-section-height-default elementor-section-height-default\" data-id=\"c3c2991\" data-element_type=\"section\" data-e-type=\"section\">\n\t\t\t\t\t\t<div class=\"elementor-container elementor-column-gap-default\">\n\t\t\t\t\t<div class=\"elementor-column elementor-col-100 elementor-top-column elementor-element elementor-element-0a622c6\" data-id=\"0a622c6\" data-element_type=\"column\" data-e-type=\"column\">\n\t\t\t<div class=\"elementor-widget-wrap elementor-element-populated\">\n\t\t\t\t\t\t<div class=\"elementor-element elementor-element-89a4568 elementor-widget elementor-widget-text-editor\" data-id=\"89a4568\" data-element_type=\"widget\" data-e-type=\"widget\" data-widget_type=\"text-editor.default\">\n\t\t\t\t<div class=\"elementor-widget-container\">\n\t\t\t\t\t\t\t\t\t<p><a href=\"https:\/\/www.lanacion.com.ar\/opinion\/a-75-anos-juicios-nuremberg-nid2516025\/\">https:\/\/www.lanacion.com.ar\/opinion\/a-75-anos-juicios-nuremberg-nid2516025\/<\/a><\/p>\t\t\t\t\t\t\t\t<\/div>\n\t\t\t\t<\/div>\n\t\t\t\t<div class=\"elementor-element elementor-element-e6db1f9 elementor-widget elementor-widget-text-editor\" data-id=\"e6db1f9\" data-element_type=\"widget\" data-e-type=\"widget\" data-widget_type=\"text-editor.default\">\n\t\t\t\t<div class=\"elementor-widget-container\">\n\t\t\t\t\t\t\t\t\t<p>Diario La Naci\u00f3n 22 de noviembre de 2020<\/p>\t\t\t\t\t\t\t\t<\/div>\n\t\t\t\t<\/div>\n\t\t\t\t\t<\/div>\n\t\t<\/div>\n\t\t\t\t\t<\/div>\n\t\t<\/section>\n\t\t\t\t<section class=\"elementor-section elementor-top-section elementor-element elementor-element-1bbb4b4 elementor-section-boxed elementor-section-height-default elementor-section-height-default\" data-id=\"1bbb4b4\" data-element_type=\"section\" data-e-type=\"section\">\n\t\t\t\t\t\t<div class=\"elementor-container elementor-column-gap-default\">\n\t\t\t\t\t<div class=\"elementor-column elementor-col-100 elementor-top-column elementor-element elementor-element-341b177\" data-id=\"341b177\" data-element_type=\"column\" data-e-type=\"column\">\n\t\t\t<div class=\"elementor-widget-wrap elementor-element-populated\">\n\t\t\t\t\t\t<div class=\"elementor-element elementor-element-86ffc29 elementor-widget elementor-widget-spacer\" data-id=\"86ffc29\" data-element_type=\"widget\" data-e-type=\"widget\" data-widget_type=\"spacer.default\">\n\t\t\t\t<div class=\"elementor-widget-container\">\n\t\t\t\t\t\t\t<div class=\"elementor-spacer\">\n\t\t\t<div class=\"elementor-spacer-inner\"><\/div>\n\t\t<\/div>\n\t\t\t\t\t\t<\/div>\n\t\t\t\t<\/div>\n\t\t\t\t<div class=\"elementor-element elementor-element-ce5fa9c elementor-post-navigation-borders-yes elementor-widget elementor-widget-post-navigation\" data-id=\"ce5fa9c\" data-element_type=\"widget\" data-e-type=\"widget\" data-widget_type=\"post-navigation.default\">\n\t\t\t\t<div class=\"elementor-widget-container\">\n\t\t\t\t\t\t\t<div class=\"elementor-post-navigation\" role=\"navigation\" aria-label=\"Post Navigation\">\n\t\t\t<div class=\"elementor-post-navigation__prev elementor-post-navigation__link\">\n\t\t\t\t<a href=\"https:\/\/inesweinbergderoca.com\/index.php\/2021\/05\/19\/educar-y-hacer-justicia-para-que-las-tragedias-no-se-repitan\/\" rel=\"prev\"><span class=\"post-navigation__arrow-wrapper post-navigation__arrow-prev\"><i aria-hidden=\"true\" class=\"fas fa-angle-left\"><\/i><span class=\"elementor-screen-only\">Prev<\/span><\/span><span class=\"elementor-post-navigation__link__prev\"><span class=\"post-navigation__prev--label\">ANTERIOR<\/span><span class=\"post-navigation__prev--title\">Educar y hacer justicia para que las tragedias no se repitan<\/span><\/span><\/a>\t\t\t<\/div>\n\t\t\t\t\t\t\t<div class=\"elementor-post-navigation__separator-wrapper\">\n\t\t\t\t\t<div class=\"elementor-post-navigation__separator\"><\/div>\n\t\t\t\t<\/div>\n\t\t\t\t\t\t<div class=\"elementor-post-navigation__next elementor-post-navigation__link\">\n\t\t\t\t<a href=\"https:\/\/inesweinbergderoca.com\/index.php\/2022\/08\/05\/geopolitica-versus-derechos-humanos-y-politicos\/\" rel=\"next\"><span class=\"elementor-post-navigation__link__next\"><span class=\"post-navigation__next--label\">POSTERIOR<\/span><span class=\"post-navigation__next--title\">Geopol\u00edtica versus derechos humanos y pol\u00edticos<\/span><\/span><span class=\"post-navigation__arrow-wrapper post-navigation__arrow-next\"><i aria-hidden=\"true\" class=\"fas fa-angle-right\"><\/i><span class=\"elementor-screen-only\">Next<\/span><\/span><\/a>\t\t\t<\/div>\n\t\t<\/div>\n\t\t\t\t\t\t<\/div>\n\t\t\t\t<\/div>\n\t\t\t\t\t<\/div>\n\t\t<\/div>\n\t\t\t\t\t<\/div>\n\t\t<\/section>\n\t\t\t\t<\/div>\n\t\t","protected":false},"excerpt":{"rendered":"<p>El 21 de noviembre de 1945, frente al\u00a0flamante Tribunal Militar de N\u00faremberg, el\u00a0fiscal de Estados Unidos, Robert Jackson, pronunci\u00f3 su memorable informe de apertura. En uno de sus fragmentos dijo:\u00a0&#8220;Este Tribunal, si bien es novedoso y experimental, no es producto de especulaciones abstractas ni fue creado para reivindicar teor\u00edas legalistas. [&#8230;] El sentido com\u00fan de <a class=\"more-link\" href=\"https:\/\/inesweinbergderoca.com\/index.php\/2021\/05\/20\/a-75-anos-de-los-juicios-de-nuremberg\/\">Continue reading <i class=\"fa fa-chevron-right\"><\/i><\/a><\/p>\n","protected":false},"author":1,"featured_media":0,"comment_status":"closed","ping_status":"closed","sticky":false,"template":"elementor_header_footer","format":"standard","meta":{"_monsterinsights_skip_tracking":false,"_monsterinsights_sitenote_active":false,"_monsterinsights_sitenote_note":"","_monsterinsights_sitenote_category":0,"footnotes":""},"categories":[10],"tags":[],"class_list":["post-572","post","type-post","status-publish","format-standard","hentry","category-memoria"],"yoast_head":"<!-- This site is optimized with the Yoast SEO plugin v27.5 - https:\/\/yoast.com\/product\/yoast-seo-wordpress\/ -->\n<title>A 75 a\u00f1os de los juicios de N\u00faremberg &#062; In\u00e9s Weinberg de Roca<\/title>\n<meta name=\"robots\" content=\"index, follow, max-snippet:-1, max-image-preview:large, max-video-preview:-1\" \/>\n<link rel=\"canonical\" href=\"https:\/\/inesweinbergderoca.com\/index.php\/2021\/05\/20\/a-75-anos-de-los-juicios-de-nuremberg\/\" \/>\n<meta property=\"og:locale\" content=\"es_ES\" \/>\n<meta property=\"og:type\" content=\"article\" \/>\n<meta property=\"og:title\" content=\"A 75 a\u00f1os de los juicios de N\u00faremberg &#062; In\u00e9s Weinberg de Roca\" \/>\n<meta property=\"og:description\" content=\"El 21 de noviembre de 1945, frente al\u00a0flamante Tribunal Militar de N\u00faremberg, el\u00a0fiscal de Estados Unidos, Robert Jackson, pronunci\u00f3 su memorable informe de apertura. En uno de sus fragmentos dijo:\u00a0&#8220;Este Tribunal, si bien es novedoso y experimental, no es producto de especulaciones abstractas ni fue creado para reivindicar teor\u00edas legalistas. [&#8230;] El sentido com\u00fan de Continue reading\" \/>\n<meta property=\"og:url\" content=\"https:\/\/inesweinbergderoca.com\/index.php\/2021\/05\/20\/a-75-anos-de-los-juicios-de-nuremberg\/\" \/>\n<meta property=\"og:site_name\" content=\"In\u00e9s Weinberg de Roca\" \/>\n<meta property=\"article:published_time\" content=\"2021-05-20T22:55:37+00:00\" \/>\n<meta property=\"article:modified_time\" content=\"2021-05-22T04:33:44+00:00\" \/>\n<meta name=\"author\" content=\"Susana2021\" \/>\n<meta name=\"twitter:card\" content=\"summary_large_image\" \/>\n<meta name=\"twitter:label1\" content=\"Escrito por\" \/>\n\t<meta name=\"twitter:data1\" content=\"Susana2021\" \/>\n\t<meta name=\"twitter:label2\" content=\"Tiempo de lectura\" \/>\n\t<meta name=\"twitter:data2\" content=\"1 minuto\" \/>\n<script type=\"application\/ld+json\" class=\"yoast-schema-graph\">{\"@context\":\"https:\\\/\\\/schema.org\",\"@graph\":[{\"@type\":\"Article\",\"@id\":\"https:\\\/\\\/inesweinbergderoca.com\\\/index.php\\\/2021\\\/05\\\/20\\\/a-75-anos-de-los-juicios-de-nuremberg\\\/#article\",\"isPartOf\":{\"@id\":\"https:\\\/\\\/inesweinbergderoca.com\\\/index.php\\\/2021\\\/05\\\/20\\\/a-75-anos-de-los-juicios-de-nuremberg\\\/\"},\"author\":{\"name\":\"Susana2021\",\"@id\":\"https:\\\/\\\/inesweinbergderoca.com\\\/#\\\/schema\\\/person\\\/e935f5cfe8b9d91e4e11182ac4455393\"},\"headline\":\"A 75 a\u00f1os de los juicios de N\u00faremberg\",\"datePublished\":\"2021-05-20T22:55:37+00:00\",\"dateModified\":\"2021-05-22T04:33:44+00:00\",\"mainEntityOfPage\":{\"@id\":\"https:\\\/\\\/inesweinbergderoca.com\\\/index.php\\\/2021\\\/05\\\/20\\\/a-75-anos-de-los-juicios-de-nuremberg\\\/\"},\"wordCount\":303,\"publisher\":{\"@id\":\"https:\\\/\\\/inesweinbergderoca.com\\\/#\\\/schema\\\/person\\\/e935f5cfe8b9d91e4e11182ac4455393\"},\"articleSection\":[\"memoria\"],\"inLanguage\":\"es-AR\"},{\"@type\":\"WebPage\",\"@id\":\"https:\\\/\\\/inesweinbergderoca.com\\\/index.php\\\/2021\\\/05\\\/20\\\/a-75-anos-de-los-juicios-de-nuremberg\\\/\",\"url\":\"https:\\\/\\\/inesweinbergderoca.com\\\/index.php\\\/2021\\\/05\\\/20\\\/a-75-anos-de-los-juicios-de-nuremberg\\\/\",\"name\":\"A 75 a\u00f1os de los juicios de N\u00faremberg &#062; In\u00e9s Weinberg de Roca\",\"isPartOf\":{\"@id\":\"https:\\\/\\\/inesweinbergderoca.com\\\/#website\"},\"datePublished\":\"2021-05-20T22:55:37+00:00\",\"dateModified\":\"2021-05-22T04:33:44+00:00\",\"breadcrumb\":{\"@id\":\"https:\\\/\\\/inesweinbergderoca.com\\\/index.php\\\/2021\\\/05\\\/20\\\/a-75-anos-de-los-juicios-de-nuremberg\\\/#breadcrumb\"},\"inLanguage\":\"es-AR\",\"potentialAction\":[{\"@type\":\"ReadAction\",\"target\":[\"https:\\\/\\\/inesweinbergderoca.com\\\/index.php\\\/2021\\\/05\\\/20\\\/a-75-anos-de-los-juicios-de-nuremberg\\\/\"]}]},{\"@type\":\"BreadcrumbList\",\"@id\":\"https:\\\/\\\/inesweinbergderoca.com\\\/index.php\\\/2021\\\/05\\\/20\\\/a-75-anos-de-los-juicios-de-nuremberg\\\/#breadcrumb\",\"itemListElement\":[{\"@type\":\"ListItem\",\"position\":1,\"name\":\"Inicio\",\"item\":\"https:\\\/\\\/inesweinbergderoca.com\\\/\"},{\"@type\":\"ListItem\",\"position\":2,\"name\":\"A 75 a\u00f1os de los juicios de N\u00faremberg\"}]},{\"@type\":\"WebSite\",\"@id\":\"https:\\\/\\\/inesweinbergderoca.com\\\/#website\",\"url\":\"https:\\\/\\\/inesweinbergderoca.com\\\/\",\"name\":\"Ines Weinberg de Roca Sitio Oficial\",\"description\":\"\",\"publisher\":{\"@id\":\"https:\\\/\\\/inesweinbergderoca.com\\\/#\\\/schema\\\/person\\\/e935f5cfe8b9d91e4e11182ac4455393\"},\"potentialAction\":[{\"@type\":\"SearchAction\",\"target\":{\"@type\":\"EntryPoint\",\"urlTemplate\":\"https:\\\/\\\/inesweinbergderoca.com\\\/?s={search_term_string}\"},\"query-input\":{\"@type\":\"PropertyValueSpecification\",\"valueRequired\":true,\"valueName\":\"search_term_string\"}}],\"inLanguage\":\"es-AR\"},{\"@type\":[\"Person\",\"Organization\"],\"@id\":\"https:\\\/\\\/inesweinbergderoca.com\\\/#\\\/schema\\\/person\\\/e935f5cfe8b9d91e4e11182ac4455393\",\"name\":\"Susana2021\",\"image\":{\"@type\":\"ImageObject\",\"inLanguage\":\"es-AR\",\"@id\":\"https:\\\/\\\/inesweinbergderoca.com\\\/wp-content\\\/uploads\\\/2021\\\/06\\\/cropped-favicon.jpg\",\"url\":\"https:\\\/\\\/inesweinbergderoca.com\\\/wp-content\\\/uploads\\\/2021\\\/06\\\/cropped-favicon.jpg\",\"contentUrl\":\"https:\\\/\\\/inesweinbergderoca.com\\\/wp-content\\\/uploads\\\/2021\\\/06\\\/cropped-favicon.jpg\",\"width\":512,\"height\":512,\"caption\":\"Susana2021\"},\"logo\":{\"@id\":\"https:\\\/\\\/inesweinbergderoca.com\\\/wp-content\\\/uploads\\\/2021\\\/06\\\/cropped-favicon.jpg\"},\"sameAs\":[\"https:\\\/\\\/inesweinbergderoca.com\"],\"url\":\"https:\\\/\\\/inesweinbergderoca.com\\\/index.php\\\/author\\\/susana2021\\\/\"}]}<\/script>\n<!-- \/ Yoast SEO plugin. -->","yoast_head_json":{"title":"A 75 a\u00f1os de los juicios de N\u00faremberg &#062; In\u00e9s Weinberg de Roca","robots":{"index":"index","follow":"follow","max-snippet":"max-snippet:-1","max-image-preview":"max-image-preview:large","max-video-preview":"max-video-preview:-1"},"canonical":"https:\/\/inesweinbergderoca.com\/index.php\/2021\/05\/20\/a-75-anos-de-los-juicios-de-nuremberg\/","og_locale":"es_ES","og_type":"article","og_title":"A 75 a\u00f1os de los juicios de N\u00faremberg &#062; In\u00e9s Weinberg de Roca","og_description":"El 21 de noviembre de 1945, frente al\u00a0flamante Tribunal Militar de N\u00faremberg, el\u00a0fiscal de Estados Unidos, Robert Jackson, pronunci\u00f3 su memorable informe de apertura. En uno de sus fragmentos dijo:\u00a0&#8220;Este Tribunal, si bien es novedoso y experimental, no es producto de especulaciones abstractas ni fue creado para reivindicar teor\u00edas legalistas. [&#8230;] El sentido com\u00fan de Continue reading","og_url":"https:\/\/inesweinbergderoca.com\/index.php\/2021\/05\/20\/a-75-anos-de-los-juicios-de-nuremberg\/","og_site_name":"In\u00e9s Weinberg de Roca","article_published_time":"2021-05-20T22:55:37+00:00","article_modified_time":"2021-05-22T04:33:44+00:00","author":"Susana2021","twitter_card":"summary_large_image","twitter_misc":{"Escrito por":"Susana2021","Tiempo de lectura":"1 minuto"},"schema":{"@context":"https:\/\/schema.org","@graph":[{"@type":"Article","@id":"https:\/\/inesweinbergderoca.com\/index.php\/2021\/05\/20\/a-75-anos-de-los-juicios-de-nuremberg\/#article","isPartOf":{"@id":"https:\/\/inesweinbergderoca.com\/index.php\/2021\/05\/20\/a-75-anos-de-los-juicios-de-nuremberg\/"},"author":{"name":"Susana2021","@id":"https:\/\/inesweinbergderoca.com\/#\/schema\/person\/e935f5cfe8b9d91e4e11182ac4455393"},"headline":"A 75 a\u00f1os de los juicios de N\u00faremberg","datePublished":"2021-05-20T22:55:37+00:00","dateModified":"2021-05-22T04:33:44+00:00","mainEntityOfPage":{"@id":"https:\/\/inesweinbergderoca.com\/index.php\/2021\/05\/20\/a-75-anos-de-los-juicios-de-nuremberg\/"},"wordCount":303,"publisher":{"@id":"https:\/\/inesweinbergderoca.com\/#\/schema\/person\/e935f5cfe8b9d91e4e11182ac4455393"},"articleSection":["memoria"],"inLanguage":"es-AR"},{"@type":"WebPage","@id":"https:\/\/inesweinbergderoca.com\/index.php\/2021\/05\/20\/a-75-anos-de-los-juicios-de-nuremberg\/","url":"https:\/\/inesweinbergderoca.com\/index.php\/2021\/05\/20\/a-75-anos-de-los-juicios-de-nuremberg\/","name":"A 75 a\u00f1os de los juicios de N\u00faremberg &#062; In\u00e9s Weinberg de Roca","isPartOf":{"@id":"https:\/\/inesweinbergderoca.com\/#website"},"datePublished":"2021-05-20T22:55:37+00:00","dateModified":"2021-05-22T04:33:44+00:00","breadcrumb":{"@id":"https:\/\/inesweinbergderoca.com\/index.php\/2021\/05\/20\/a-75-anos-de-los-juicios-de-nuremberg\/#breadcrumb"},"inLanguage":"es-AR","potentialAction":[{"@type":"ReadAction","target":["https:\/\/inesweinbergderoca.com\/index.php\/2021\/05\/20\/a-75-anos-de-los-juicios-de-nuremberg\/"]}]},{"@type":"BreadcrumbList","@id":"https:\/\/inesweinbergderoca.com\/index.php\/2021\/05\/20\/a-75-anos-de-los-juicios-de-nuremberg\/#breadcrumb","itemListElement":[{"@type":"ListItem","position":1,"name":"Inicio","item":"https:\/\/inesweinbergderoca.com\/"},{"@type":"ListItem","position":2,"name":"A 75 a\u00f1os de los juicios de N\u00faremberg"}]},{"@type":"WebSite","@id":"https:\/\/inesweinbergderoca.com\/#website","url":"https:\/\/inesweinbergderoca.com\/","name":"Ines Weinberg de Roca Sitio Oficial","description":"","publisher":{"@id":"https:\/\/inesweinbergderoca.com\/#\/schema\/person\/e935f5cfe8b9d91e4e11182ac4455393"},"potentialAction":[{"@type":"SearchAction","target":{"@type":"EntryPoint","urlTemplate":"https:\/\/inesweinbergderoca.com\/?s={search_term_string}"},"query-input":{"@type":"PropertyValueSpecification","valueRequired":true,"valueName":"search_term_string"}}],"inLanguage":"es-AR"},{"@type":["Person","Organization"],"@id":"https:\/\/inesweinbergderoca.com\/#\/schema\/person\/e935f5cfe8b9d91e4e11182ac4455393","name":"Susana2021","image":{"@type":"ImageObject","inLanguage":"es-AR","@id":"https:\/\/inesweinbergderoca.com\/wp-content\/uploads\/2021\/06\/cropped-favicon.jpg","url":"https:\/\/inesweinbergderoca.com\/wp-content\/uploads\/2021\/06\/cropped-favicon.jpg","contentUrl":"https:\/\/inesweinbergderoca.com\/wp-content\/uploads\/2021\/06\/cropped-favicon.jpg","width":512,"height":512,"caption":"Susana2021"},"logo":{"@id":"https:\/\/inesweinbergderoca.com\/wp-content\/uploads\/2021\/06\/cropped-favicon.jpg"},"sameAs":["https:\/\/inesweinbergderoca.com"],"url":"https:\/\/inesweinbergderoca.com\/index.php\/author\/susana2021\/"}]}},"_links":{"self":[{"href":"https:\/\/inesweinbergderoca.com\/index.php\/wp-json\/wp\/v2\/posts\/572","targetHints":{"allow":["GET"]}}],"collection":[{"href":"https:\/\/inesweinbergderoca.com\/index.php\/wp-json\/wp\/v2\/posts"}],"about":[{"href":"https:\/\/inesweinbergderoca.com\/index.php\/wp-json\/wp\/v2\/types\/post"}],"author":[{"embeddable":true,"href":"https:\/\/inesweinbergderoca.com\/index.php\/wp-json\/wp\/v2\/users\/1"}],"replies":[{"embeddable":true,"href":"https:\/\/inesweinbergderoca.com\/index.php\/wp-json\/wp\/v2\/comments?post=572"}],"version-history":[{"count":49,"href":"https:\/\/inesweinbergderoca.com\/index.php\/wp-json\/wp\/v2\/posts\/572\/revisions"}],"predecessor-version":[{"id":1048,"href":"https:\/\/inesweinbergderoca.com\/index.php\/wp-json\/wp\/v2\/posts\/572\/revisions\/1048"}],"wp:attachment":[{"href":"https:\/\/inesweinbergderoca.com\/index.php\/wp-json\/wp\/v2\/media?parent=572"}],"wp:term":[{"taxonomy":"category","embeddable":true,"href":"https:\/\/inesweinbergderoca.com\/index.php\/wp-json\/wp\/v2\/categories?post=572"},{"taxonomy":"post_tag","embeddable":true,"href":"https:\/\/inesweinbergderoca.com\/index.php\/wp-json\/wp\/v2\/tags?post=572"}],"curies":[{"name":"wp","href":"https:\/\/api.w.org\/{rel}","templated":true}]}}