{"id":532,"date":"2021-05-10T05:38:49","date_gmt":"2021-05-10T05:38:49","guid":{"rendered":"https:\/\/inesweinbergderoca.com\/?p=532"},"modified":"2021-05-22T04:20:30","modified_gmt":"2021-05-22T04:20:30","slug":"ser-feminista-no-es-solo-cosa-de-mujeres","status":"publish","type":"post","link":"https:\/\/inesweinbergderoca.com\/index.php\/2021\/05\/10\/ser-feminista-no-es-solo-cosa-de-mujeres\/","title":{"rendered":"Ser feminista no es s\u00f3lo cosa de mujeres"},"content":{"rendered":"\t\t<div data-elementor-type=\"wp-post\" data-elementor-id=\"532\" class=\"elementor elementor-532\" data-elementor-post-type=\"post\">\n\t\t\t\t\t\t<section class=\"elementor-section elementor-top-section elementor-element elementor-element-811a2a9 elementor-section-boxed elementor-section-height-default elementor-section-height-default\" data-id=\"811a2a9\" data-element_type=\"section\" data-e-type=\"section\">\n\t\t\t\t\t\t<div class=\"elementor-container elementor-column-gap-default\">\n\t\t\t\t\t<div class=\"elementor-column elementor-col-100 elementor-top-column elementor-element elementor-element-553c352\" data-id=\"553c352\" data-element_type=\"column\" data-e-type=\"column\">\n\t\t\t<div class=\"elementor-widget-wrap elementor-element-populated\">\n\t\t\t\t\t\t<div class=\"elementor-element elementor-element-f5717e4 elementor-widget elementor-widget-spacer\" data-id=\"f5717e4\" data-element_type=\"widget\" data-e-type=\"widget\" data-widget_type=\"spacer.default\">\n\t\t\t\t<div class=\"elementor-widget-container\">\n\t\t\t\t\t\t\t<div class=\"elementor-spacer\">\n\t\t\t<div class=\"elementor-spacer-inner\"><\/div>\n\t\t<\/div>\n\t\t\t\t\t\t<\/div>\n\t\t\t\t<\/div>\n\t\t\t\t<div class=\"elementor-element elementor-element-e0b78e8 elementor-widget elementor-widget-text-editor\" data-id=\"e0b78e8\" data-element_type=\"widget\" data-e-type=\"widget\" data-widget_type=\"text-editor.default\">\n\t\t\t\t<div class=\"elementor-widget-container\">\n\t\t\t\t\t\t\t\t\t<p class=\"paragraph\">Hace un tiempo descubr\u00ed un peque\u00f1o libro de una reconocida escritora nigeriana,<strong>\u00a0Chimamanda Ngozi Adichie<\/strong>, titulado\u00a0<strong>&#8220;Todos deber\u00edamos ser feministas&#8221;.<\/strong>\u00a0El libro surgi\u00f3 luego de una charla TED que la autora brind\u00f3 en 2012 y tuvo una vast\u00edsima repercusi\u00f3n debido no s\u00f3lo al abordaje de un tema largamente postergado en la agenda p\u00fablica \u2013me refiero al feminismo-, sino porque, con su estilo espont\u00e1neo, Adichie\u00a0<strong>expone con sentido com\u00fan las desigualdades contempor\u00e1neas, vinculadas con el g\u00e9nero, la raza y la situaci\u00f3n social.<\/strong>\u00a0Sin embargo, no se detiene en la queja ni en la cr\u00edtica, sino que avanza en an\u00e9cdotas de las que extrae propuestas de soluciones.<\/p><p class=\"paragraph\">Cuenta por ejemplo que en 2003, durante la gira promocional en Nigeria de su novela La flor p\u00farpura, un periodista le aconsej\u00f3 que no se presentara nunca como feminista\u00a0<strong>&#8220;porque las feministas son mujeres infelices pues no pueden encontrar marido&#8221;<\/strong>. As\u00ed fue como decidi\u00f3 presentarse &#8220;como feminista feliz&#8221;.<\/p><p class=\"paragraph\">Este estilo despojado de todo matiz confrontativo ha convertido a Adichie en una referente muy reconocida del feminismo del siglo XXI, con una legi\u00f3n de seguidores j\u00f3venes, entre quienes se encuentran estudiantes de las m\u00e1s destacadas universidades de Estados Unidos.<\/p><p class=\"paragraph\">Sus palabras consiguen sacar a sus oyentes o lectores de ese territorio confortable donde habitualmente nos ponemos a salvo de cualquier cambio que suponga una transformaci\u00f3n del\u00a0<em>statu quo<\/em>. Pero hay cambios culturales que s\u00f3lo se logran con la acci\u00f3n y desde esa perspectiva\u00a0<strong>el movimiento feminista actual genera incomodidades y resistencias, que tampoco son las mismas en todas partes y deben ser siempre consideradas dentro de su contexto.<\/strong><\/p>\t\t\t\t\t\t\t\t<\/div>\n\t\t\t\t<\/div>\n\t\t\t\t\t<\/div>\n\t\t<\/div>\n\t\t\t\t\t<\/div>\n\t\t<\/section>\n\t\t\t\t<section class=\"elementor-section elementor-top-section elementor-element elementor-element-1021740 elementor-section-boxed elementor-section-height-default elementor-section-height-default\" data-id=\"1021740\" data-element_type=\"section\" data-e-type=\"section\" data-settings=\"{&quot;background_background&quot;:&quot;classic&quot;}\">\n\t\t\t\t\t\t<div class=\"elementor-container elementor-column-gap-default\">\n\t\t\t\t\t<div class=\"elementor-column elementor-col-100 elementor-top-column elementor-element elementor-element-c4e7724\" data-id=\"c4e7724\" data-element_type=\"column\" data-e-type=\"column\">\n\t\t\t<div class=\"elementor-widget-wrap elementor-element-populated\">\n\t\t\t\t\t\t<div class=\"elementor-element elementor-element-f2e9804 elementor-widget elementor-widget-spacer\" data-id=\"f2e9804\" data-element_type=\"widget\" data-e-type=\"widget\" data-widget_type=\"spacer.default\">\n\t\t\t\t<div class=\"elementor-widget-container\">\n\t\t\t\t\t\t\t<div class=\"elementor-spacer\">\n\t\t\t<div class=\"elementor-spacer-inner\"><\/div>\n\t\t<\/div>\n\t\t\t\t\t\t<\/div>\n\t\t\t\t<\/div>\n\t\t\t\t<div class=\"elementor-element elementor-element-8ed79f7 elementor-align-center elementor-widget elementor-widget-button\" data-id=\"8ed79f7\" data-element_type=\"widget\" data-e-type=\"widget\" data-widget_type=\"button.default\">\n\t\t\t\t<div class=\"elementor-widget-container\">\n\t\t\t\t\t\t\t\t\t<div class=\"elementor-button-wrapper\">\n\t\t\t\t\t<a class=\"elementor-button elementor-button-link elementor-size-sm\" href=\"https:\/\/www.infobae.com\/opinion\/2018\/12\/26\/ser-feminista-no-es-solo-cosa-de-mujeres\/\" target=\"_blank\">\n\t\t\t\t\t\t<span class=\"elementor-button-content-wrapper\">\n\t\t\t\t\t\t\t\t\t<span class=\"elementor-button-text\">VER NOTA COMPLETA<\/span>\n\t\t\t\t\t<\/span>\n\t\t\t\t\t<\/a>\n\t\t\t\t<\/div>\n\t\t\t\t\t\t\t\t<\/div>\n\t\t\t\t<\/div>\n\t\t\t\t\t<\/div>\n\t\t<\/div>\n\t\t\t\t\t<\/div>\n\t\t<\/section>\n\t\t\t\t<section class=\"elementor-section elementor-top-section elementor-element elementor-element-f885acb elementor-section-boxed elementor-section-height-default elementor-section-height-default\" data-id=\"f885acb\" data-element_type=\"section\" data-e-type=\"section\">\n\t\t\t\t\t\t<div class=\"elementor-container elementor-column-gap-default\">\n\t\t\t\t\t<div class=\"elementor-column elementor-col-100 elementor-top-column elementor-element elementor-element-8e69d2b\" data-id=\"8e69d2b\" data-element_type=\"column\" data-e-type=\"column\">\n\t\t\t<div class=\"elementor-widget-wrap elementor-element-populated\">\n\t\t\t\t\t\t<div class=\"elementor-element elementor-element-06f51ce elementor-widget elementor-widget-text-editor\" data-id=\"06f51ce\" data-element_type=\"widget\" data-e-type=\"widget\" data-widget_type=\"text-editor.default\">\n\t\t\t\t<div class=\"elementor-widget-container\">\n\t\t\t\t\t\t\t\t\t<p><a href=\"https:\/\/www.infobae.com\/opinion\/2018\/12\/26\/ser-feminista-no-es-solo-cosa-de-mujeres\/\"><strong>https:\/\/www.infobae.com\/opinion\/2018\/12\/26\/ser-feminista-no-es-solo-cosa-de-mujeres\/<\/strong><\/a><\/p>\t\t\t\t\t\t\t\t<\/div>\n\t\t\t\t<\/div>\n\t\t\t\t<div class=\"elementor-element elementor-element-bd566a6 elementor-widget elementor-widget-text-editor\" data-id=\"bd566a6\" data-element_type=\"widget\" data-e-type=\"widget\" data-widget_type=\"text-editor.default\">\n\t\t\t\t<div class=\"elementor-widget-container\">\n\t\t\t\t\t\t\t\t\t<p>Diario Infobae 7 de Mayo de 2021<\/p>\t\t\t\t\t\t\t\t<\/div>\n\t\t\t\t<\/div>\n\t\t\t\t\t<\/div>\n\t\t<\/div>\n\t\t\t\t\t<\/div>\n\t\t<\/section>\n\t\t\t\t<section class=\"elementor-section elementor-top-section elementor-element elementor-element-dc67531 elementor-section-boxed elementor-section-height-default elementor-section-height-default\" data-id=\"dc67531\" data-element_type=\"section\" data-e-type=\"section\">\n\t\t\t\t\t\t<div class=\"elementor-container elementor-column-gap-default\">\n\t\t\t\t\t<div class=\"elementor-column elementor-col-100 elementor-top-column elementor-element elementor-element-60797aa\" data-id=\"60797aa\" data-element_type=\"column\" data-e-type=\"column\">\n\t\t\t<div class=\"elementor-widget-wrap elementor-element-populated\">\n\t\t\t\t\t\t<div class=\"elementor-element elementor-element-403f13f elementor-widget elementor-widget-spacer\" data-id=\"403f13f\" data-element_type=\"widget\" data-e-type=\"widget\" data-widget_type=\"spacer.default\">\n\t\t\t\t<div class=\"elementor-widget-container\">\n\t\t\t\t\t\t\t<div class=\"elementor-spacer\">\n\t\t\t<div class=\"elementor-spacer-inner\"><\/div>\n\t\t<\/div>\n\t\t\t\t\t\t<\/div>\n\t\t\t\t<\/div>\n\t\t\t\t<div class=\"elementor-element elementor-element-6191568 elementor-post-navigation-borders-yes elementor-widget elementor-widget-post-navigation\" data-id=\"6191568\" data-element_type=\"widget\" data-e-type=\"widget\" data-widget_type=\"post-navigation.default\">\n\t\t\t\t<div class=\"elementor-widget-container\">\n\t\t\t\t\t\t\t<div class=\"elementor-post-navigation\" role=\"navigation\" aria-label=\"Post Navigation\">\n\t\t\t<div class=\"elementor-post-navigation__prev elementor-post-navigation__link\">\n\t\t\t\t<a href=\"https:\/\/inesweinbergderoca.com\/index.php\/2021\/05\/09\/heroinas-silenciadas-de-la-segunda-guerra-mundial\/\" rel=\"prev\"><span class=\"post-navigation__arrow-wrapper post-navigation__arrow-prev\"><i aria-hidden=\"true\" class=\"fas fa-angle-left\"><\/i><span class=\"elementor-screen-only\">Prev<\/span><\/span><span class=\"elementor-post-navigation__link__prev\"><span class=\"post-navigation__prev--label\">ANTERIOR<\/span><span class=\"post-navigation__prev--title\">Hero\u00ednas silenciadas de la Segunda Guerra Mundial<\/span><\/span><\/a>\t\t\t<\/div>\n\t\t\t\t\t\t\t<div class=\"elementor-post-navigation__separator-wrapper\">\n\t\t\t\t\t<div class=\"elementor-post-navigation__separator\"><\/div>\n\t\t\t\t<\/div>\n\t\t\t\t\t\t<div class=\"elementor-post-navigation__next elementor-post-navigation__link\">\n\t\t\t\t<a href=\"https:\/\/inesweinbergderoca.com\/index.php\/2021\/05\/19\/educar-y-hacer-justicia-para-que-las-tragedias-no-se-repitan\/\" rel=\"next\"><span class=\"elementor-post-navigation__link__next\"><span class=\"post-navigation__next--label\">POSTERIOR<\/span><span class=\"post-navigation__next--title\">Educar y hacer justicia para que las tragedias no se repitan<\/span><\/span><span class=\"post-navigation__arrow-wrapper post-navigation__arrow-next\"><i aria-hidden=\"true\" class=\"fas fa-angle-right\"><\/i><span class=\"elementor-screen-only\">Next<\/span><\/span><\/a>\t\t\t<\/div>\n\t\t<\/div>\n\t\t\t\t\t\t<\/div>\n\t\t\t\t<\/div>\n\t\t\t\t\t<\/div>\n\t\t<\/div>\n\t\t\t\t\t<\/div>\n\t\t<\/section>\n\t\t\t\t<\/div>\n\t\t","protected":false},"excerpt":{"rendered":"<p>Hace un tiempo descubr\u00ed un peque\u00f1o libro de una reconocida escritora nigeriana,\u00a0Chimamanda Ngozi Adichie, titulado\u00a0&#8220;Todos deber\u00edamos ser feministas&#8221;.\u00a0El libro surgi\u00f3 luego de una charla TED que la autora brind\u00f3 en 2012 y tuvo una vast\u00edsima repercusi\u00f3n debido no s\u00f3lo al abordaje de un tema largamente postergado en la agenda p\u00fablica \u2013me refiero al feminismo-, sino <a class=\"more-link\" href=\"https:\/\/inesweinbergderoca.com\/index.php\/2021\/05\/10\/ser-feminista-no-es-solo-cosa-de-mujeres\/\">Continue reading <i class=\"fa fa-chevron-right\"><\/i><\/a><\/p>\n","protected":false},"author":1,"featured_media":0,"comment_status":"closed","ping_status":"closed","sticky":false,"template":"elementor_header_footer","format":"standard","meta":{"_monsterinsights_skip_tracking":false,"_monsterinsights_sitenote_active":false,"_monsterinsights_sitenote_note":"","_monsterinsights_sitenote_category":0,"footnotes":""},"categories":[11],"tags":[],"class_list":["post-532","post","type-post","status-publish","format-standard","hentry","category-feminismo"],"yoast_head":"<!-- This site is optimized with the Yoast SEO plugin v27.5 - https:\/\/yoast.com\/product\/yoast-seo-wordpress\/ -->\n<title>Ser feminista no es s\u00f3lo cosa de mujeres &#062; In\u00e9s Weinberg de Roca<\/title>\n<meta name=\"robots\" content=\"index, follow, max-snippet:-1, max-image-preview:large, max-video-preview:-1\" \/>\n<link rel=\"canonical\" href=\"https:\/\/inesweinbergderoca.com\/index.php\/2021\/05\/10\/ser-feminista-no-es-solo-cosa-de-mujeres\/\" \/>\n<meta property=\"og:locale\" content=\"es_ES\" \/>\n<meta property=\"og:type\" content=\"article\" \/>\n<meta property=\"og:title\" content=\"Ser feminista no es s\u00f3lo cosa de mujeres &#062; In\u00e9s Weinberg de Roca\" \/>\n<meta property=\"og:description\" content=\"Hace un tiempo descubr\u00ed un peque\u00f1o libro de una reconocida escritora nigeriana,\u00a0Chimamanda Ngozi Adichie, titulado\u00a0&#8220;Todos deber\u00edamos ser feministas&#8221;.\u00a0El libro surgi\u00f3 luego de una charla TED que la autora brind\u00f3 en 2012 y tuvo una vast\u00edsima repercusi\u00f3n debido no s\u00f3lo al abordaje de un tema largamente postergado en la agenda p\u00fablica \u2013me refiero al feminismo-, sino Continue reading\" \/>\n<meta property=\"og:url\" content=\"https:\/\/inesweinbergderoca.com\/index.php\/2021\/05\/10\/ser-feminista-no-es-solo-cosa-de-mujeres\/\" \/>\n<meta property=\"og:site_name\" content=\"In\u00e9s Weinberg de Roca\" \/>\n<meta property=\"article:published_time\" content=\"2021-05-10T05:38:49+00:00\" \/>\n<meta property=\"article:modified_time\" content=\"2021-05-22T04:20:30+00:00\" \/>\n<meta name=\"author\" content=\"Susana2021\" \/>\n<meta name=\"twitter:card\" content=\"summary_large_image\" \/>\n<meta name=\"twitter:label1\" content=\"Escrito por\" \/>\n\t<meta name=\"twitter:data1\" content=\"Susana2021\" \/>\n\t<meta name=\"twitter:label2\" content=\"Tiempo de lectura\" \/>\n\t<meta name=\"twitter:data2\" content=\"1 minuto\" \/>\n<script type=\"application\/ld+json\" class=\"yoast-schema-graph\">{\"@context\":\"https:\\\/\\\/schema.org\",\"@graph\":[{\"@type\":\"Article\",\"@id\":\"https:\\\/\\\/inesweinbergderoca.com\\\/index.php\\\/2021\\\/05\\\/10\\\/ser-feminista-no-es-solo-cosa-de-mujeres\\\/#article\",\"isPartOf\":{\"@id\":\"https:\\\/\\\/inesweinbergderoca.com\\\/index.php\\\/2021\\\/05\\\/10\\\/ser-feminista-no-es-solo-cosa-de-mujeres\\\/\"},\"author\":{\"name\":\"Susana2021\",\"@id\":\"https:\\\/\\\/inesweinbergderoca.com\\\/#\\\/schema\\\/person\\\/e935f5cfe8b9d91e4e11182ac4455393\"},\"headline\":\"Ser feminista no es s\u00f3lo cosa de mujeres\",\"datePublished\":\"2021-05-10T05:38:49+00:00\",\"dateModified\":\"2021-05-22T04:20:30+00:00\",\"mainEntityOfPage\":{\"@id\":\"https:\\\/\\\/inesweinbergderoca.com\\\/index.php\\\/2021\\\/05\\\/10\\\/ser-feminista-no-es-solo-cosa-de-mujeres\\\/\"},\"wordCount\":303,\"publisher\":{\"@id\":\"https:\\\/\\\/inesweinbergderoca.com\\\/#\\\/schema\\\/person\\\/e935f5cfe8b9d91e4e11182ac4455393\"},\"articleSection\":[\"feminismo\"],\"inLanguage\":\"es-AR\"},{\"@type\":\"WebPage\",\"@id\":\"https:\\\/\\\/inesweinbergderoca.com\\\/index.php\\\/2021\\\/05\\\/10\\\/ser-feminista-no-es-solo-cosa-de-mujeres\\\/\",\"url\":\"https:\\\/\\\/inesweinbergderoca.com\\\/index.php\\\/2021\\\/05\\\/10\\\/ser-feminista-no-es-solo-cosa-de-mujeres\\\/\",\"name\":\"Ser feminista no es s\u00f3lo cosa de mujeres &#062; In\u00e9s Weinberg de Roca\",\"isPartOf\":{\"@id\":\"https:\\\/\\\/inesweinbergderoca.com\\\/#website\"},\"datePublished\":\"2021-05-10T05:38:49+00:00\",\"dateModified\":\"2021-05-22T04:20:30+00:00\",\"breadcrumb\":{\"@id\":\"https:\\\/\\\/inesweinbergderoca.com\\\/index.php\\\/2021\\\/05\\\/10\\\/ser-feminista-no-es-solo-cosa-de-mujeres\\\/#breadcrumb\"},\"inLanguage\":\"es-AR\",\"potentialAction\":[{\"@type\":\"ReadAction\",\"target\":[\"https:\\\/\\\/inesweinbergderoca.com\\\/index.php\\\/2021\\\/05\\\/10\\\/ser-feminista-no-es-solo-cosa-de-mujeres\\\/\"]}]},{\"@type\":\"BreadcrumbList\",\"@id\":\"https:\\\/\\\/inesweinbergderoca.com\\\/index.php\\\/2021\\\/05\\\/10\\\/ser-feminista-no-es-solo-cosa-de-mujeres\\\/#breadcrumb\",\"itemListElement\":[{\"@type\":\"ListItem\",\"position\":1,\"name\":\"Inicio\",\"item\":\"https:\\\/\\\/inesweinbergderoca.com\\\/\"},{\"@type\":\"ListItem\",\"position\":2,\"name\":\"Ser feminista no es s\u00f3lo cosa de mujeres\"}]},{\"@type\":\"WebSite\",\"@id\":\"https:\\\/\\\/inesweinbergderoca.com\\\/#website\",\"url\":\"https:\\\/\\\/inesweinbergderoca.com\\\/\",\"name\":\"Ines Weinberg de Roca Sitio Oficial\",\"description\":\"\",\"publisher\":{\"@id\":\"https:\\\/\\\/inesweinbergderoca.com\\\/#\\\/schema\\\/person\\\/e935f5cfe8b9d91e4e11182ac4455393\"},\"potentialAction\":[{\"@type\":\"SearchAction\",\"target\":{\"@type\":\"EntryPoint\",\"urlTemplate\":\"https:\\\/\\\/inesweinbergderoca.com\\\/?s={search_term_string}\"},\"query-input\":{\"@type\":\"PropertyValueSpecification\",\"valueRequired\":true,\"valueName\":\"search_term_string\"}}],\"inLanguage\":\"es-AR\"},{\"@type\":[\"Person\",\"Organization\"],\"@id\":\"https:\\\/\\\/inesweinbergderoca.com\\\/#\\\/schema\\\/person\\\/e935f5cfe8b9d91e4e11182ac4455393\",\"name\":\"Susana2021\",\"image\":{\"@type\":\"ImageObject\",\"inLanguage\":\"es-AR\",\"@id\":\"https:\\\/\\\/inesweinbergderoca.com\\\/wp-content\\\/uploads\\\/2021\\\/06\\\/cropped-favicon.jpg\",\"url\":\"https:\\\/\\\/inesweinbergderoca.com\\\/wp-content\\\/uploads\\\/2021\\\/06\\\/cropped-favicon.jpg\",\"contentUrl\":\"https:\\\/\\\/inesweinbergderoca.com\\\/wp-content\\\/uploads\\\/2021\\\/06\\\/cropped-favicon.jpg\",\"width\":512,\"height\":512,\"caption\":\"Susana2021\"},\"logo\":{\"@id\":\"https:\\\/\\\/inesweinbergderoca.com\\\/wp-content\\\/uploads\\\/2021\\\/06\\\/cropped-favicon.jpg\"},\"sameAs\":[\"https:\\\/\\\/inesweinbergderoca.com\"],\"url\":\"https:\\\/\\\/inesweinbergderoca.com\\\/index.php\\\/author\\\/susana2021\\\/\"}]}<\/script>\n<!-- \/ Yoast SEO plugin. -->","yoast_head_json":{"title":"Ser feminista no es s\u00f3lo cosa de mujeres &#062; In\u00e9s Weinberg de Roca","robots":{"index":"index","follow":"follow","max-snippet":"max-snippet:-1","max-image-preview":"max-image-preview:large","max-video-preview":"max-video-preview:-1"},"canonical":"https:\/\/inesweinbergderoca.com\/index.php\/2021\/05\/10\/ser-feminista-no-es-solo-cosa-de-mujeres\/","og_locale":"es_ES","og_type":"article","og_title":"Ser feminista no es s\u00f3lo cosa de mujeres &#062; In\u00e9s Weinberg de Roca","og_description":"Hace un tiempo descubr\u00ed un peque\u00f1o libro de una reconocida escritora nigeriana,\u00a0Chimamanda Ngozi Adichie, titulado\u00a0&#8220;Todos deber\u00edamos ser feministas&#8221;.\u00a0El libro surgi\u00f3 luego de una charla TED que la autora brind\u00f3 en 2012 y tuvo una vast\u00edsima repercusi\u00f3n debido no s\u00f3lo al abordaje de un tema largamente postergado en la agenda p\u00fablica \u2013me refiero al feminismo-, sino Continue reading","og_url":"https:\/\/inesweinbergderoca.com\/index.php\/2021\/05\/10\/ser-feminista-no-es-solo-cosa-de-mujeres\/","og_site_name":"In\u00e9s Weinberg de Roca","article_published_time":"2021-05-10T05:38:49+00:00","article_modified_time":"2021-05-22T04:20:30+00:00","author":"Susana2021","twitter_card":"summary_large_image","twitter_misc":{"Escrito por":"Susana2021","Tiempo de lectura":"1 minuto"},"schema":{"@context":"https:\/\/schema.org","@graph":[{"@type":"Article","@id":"https:\/\/inesweinbergderoca.com\/index.php\/2021\/05\/10\/ser-feminista-no-es-solo-cosa-de-mujeres\/#article","isPartOf":{"@id":"https:\/\/inesweinbergderoca.com\/index.php\/2021\/05\/10\/ser-feminista-no-es-solo-cosa-de-mujeres\/"},"author":{"name":"Susana2021","@id":"https:\/\/inesweinbergderoca.com\/#\/schema\/person\/e935f5cfe8b9d91e4e11182ac4455393"},"headline":"Ser feminista no es s\u00f3lo cosa de mujeres","datePublished":"2021-05-10T05:38:49+00:00","dateModified":"2021-05-22T04:20:30+00:00","mainEntityOfPage":{"@id":"https:\/\/inesweinbergderoca.com\/index.php\/2021\/05\/10\/ser-feminista-no-es-solo-cosa-de-mujeres\/"},"wordCount":303,"publisher":{"@id":"https:\/\/inesweinbergderoca.com\/#\/schema\/person\/e935f5cfe8b9d91e4e11182ac4455393"},"articleSection":["feminismo"],"inLanguage":"es-AR"},{"@type":"WebPage","@id":"https:\/\/inesweinbergderoca.com\/index.php\/2021\/05\/10\/ser-feminista-no-es-solo-cosa-de-mujeres\/","url":"https:\/\/inesweinbergderoca.com\/index.php\/2021\/05\/10\/ser-feminista-no-es-solo-cosa-de-mujeres\/","name":"Ser feminista no es s\u00f3lo cosa de mujeres &#062; In\u00e9s Weinberg de Roca","isPartOf":{"@id":"https:\/\/inesweinbergderoca.com\/#website"},"datePublished":"2021-05-10T05:38:49+00:00","dateModified":"2021-05-22T04:20:30+00:00","breadcrumb":{"@id":"https:\/\/inesweinbergderoca.com\/index.php\/2021\/05\/10\/ser-feminista-no-es-solo-cosa-de-mujeres\/#breadcrumb"},"inLanguage":"es-AR","potentialAction":[{"@type":"ReadAction","target":["https:\/\/inesweinbergderoca.com\/index.php\/2021\/05\/10\/ser-feminista-no-es-solo-cosa-de-mujeres\/"]}]},{"@type":"BreadcrumbList","@id":"https:\/\/inesweinbergderoca.com\/index.php\/2021\/05\/10\/ser-feminista-no-es-solo-cosa-de-mujeres\/#breadcrumb","itemListElement":[{"@type":"ListItem","position":1,"name":"Inicio","item":"https:\/\/inesweinbergderoca.com\/"},{"@type":"ListItem","position":2,"name":"Ser feminista no es s\u00f3lo cosa de mujeres"}]},{"@type":"WebSite","@id":"https:\/\/inesweinbergderoca.com\/#website","url":"https:\/\/inesweinbergderoca.com\/","name":"Ines Weinberg de Roca Sitio Oficial","description":"","publisher":{"@id":"https:\/\/inesweinbergderoca.com\/#\/schema\/person\/e935f5cfe8b9d91e4e11182ac4455393"},"potentialAction":[{"@type":"SearchAction","target":{"@type":"EntryPoint","urlTemplate":"https:\/\/inesweinbergderoca.com\/?s={search_term_string}"},"query-input":{"@type":"PropertyValueSpecification","valueRequired":true,"valueName":"search_term_string"}}],"inLanguage":"es-AR"},{"@type":["Person","Organization"],"@id":"https:\/\/inesweinbergderoca.com\/#\/schema\/person\/e935f5cfe8b9d91e4e11182ac4455393","name":"Susana2021","image":{"@type":"ImageObject","inLanguage":"es-AR","@id":"https:\/\/inesweinbergderoca.com\/wp-content\/uploads\/2021\/06\/cropped-favicon.jpg","url":"https:\/\/inesweinbergderoca.com\/wp-content\/uploads\/2021\/06\/cropped-favicon.jpg","contentUrl":"https:\/\/inesweinbergderoca.com\/wp-content\/uploads\/2021\/06\/cropped-favicon.jpg","width":512,"height":512,"caption":"Susana2021"},"logo":{"@id":"https:\/\/inesweinbergderoca.com\/wp-content\/uploads\/2021\/06\/cropped-favicon.jpg"},"sameAs":["https:\/\/inesweinbergderoca.com"],"url":"https:\/\/inesweinbergderoca.com\/index.php\/author\/susana2021\/"}]}},"_links":{"self":[{"href":"https:\/\/inesweinbergderoca.com\/index.php\/wp-json\/wp\/v2\/posts\/532","targetHints":{"allow":["GET"]}}],"collection":[{"href":"https:\/\/inesweinbergderoca.com\/index.php\/wp-json\/wp\/v2\/posts"}],"about":[{"href":"https:\/\/inesweinbergderoca.com\/index.php\/wp-json\/wp\/v2\/types\/post"}],"author":[{"embeddable":true,"href":"https:\/\/inesweinbergderoca.com\/index.php\/wp-json\/wp\/v2\/users\/1"}],"replies":[{"embeddable":true,"href":"https:\/\/inesweinbergderoca.com\/index.php\/wp-json\/wp\/v2\/comments?post=532"}],"version-history":[{"count":25,"href":"https:\/\/inesweinbergderoca.com\/index.php\/wp-json\/wp\/v2\/posts\/532\/revisions"}],"predecessor-version":[{"id":656,"href":"https:\/\/inesweinbergderoca.com\/index.php\/wp-json\/wp\/v2\/posts\/532\/revisions\/656"}],"wp:attachment":[{"href":"https:\/\/inesweinbergderoca.com\/index.php\/wp-json\/wp\/v2\/media?parent=532"}],"wp:term":[{"taxonomy":"category","embeddable":true,"href":"https:\/\/inesweinbergderoca.com\/index.php\/wp-json\/wp\/v2\/categories?post=532"},{"taxonomy":"post_tag","embeddable":true,"href":"https:\/\/inesweinbergderoca.com\/index.php\/wp-json\/wp\/v2\/tags?post=532"}],"curies":[{"name":"wp","href":"https:\/\/api.w.org\/{rel}","templated":true}]}}