{"id":469,"date":"2021-05-10T04:50:08","date_gmt":"2021-05-10T04:50:08","guid":{"rendered":"https:\/\/inesweinbergderoca.com\/?p=469"},"modified":"2021-05-22T04:33:11","modified_gmt":"2021-05-22T04:33:11","slug":"victimas-que-no-debemos-olvidar","status":"publish","type":"post","link":"https:\/\/inesweinbergderoca.com\/index.php\/2021\/05\/10\/victimas-que-no-debemos-olvidar\/","title":{"rendered":"V\u00edctimas que no debemos olvidar"},"content":{"rendered":"\t\t<div data-elementor-type=\"wp-post\" data-elementor-id=\"469\" class=\"elementor elementor-469\" data-elementor-post-type=\"post\">\n\t\t\t\t\t\t<section class=\"elementor-section elementor-top-section elementor-element elementor-element-a436158 elementor-section-boxed elementor-section-height-default elementor-section-height-default\" data-id=\"a436158\" data-element_type=\"section\" data-e-type=\"section\">\n\t\t\t\t\t\t<div class=\"elementor-container elementor-column-gap-default\">\n\t\t\t\t\t<div class=\"elementor-column elementor-col-100 elementor-top-column elementor-element elementor-element-1788a23\" data-id=\"1788a23\" data-element_type=\"column\" data-e-type=\"column\">\n\t\t\t<div class=\"elementor-widget-wrap elementor-element-populated\">\n\t\t\t\t\t\t<div class=\"elementor-element elementor-element-56be01c elementor-widget elementor-widget-spacer\" data-id=\"56be01c\" data-element_type=\"widget\" data-e-type=\"widget\" data-widget_type=\"spacer.default\">\n\t\t\t\t<div class=\"elementor-widget-container\">\n\t\t\t\t\t\t\t<div class=\"elementor-spacer\">\n\t\t\t<div class=\"elementor-spacer-inner\"><\/div>\n\t\t<\/div>\n\t\t\t\t\t\t<\/div>\n\t\t\t\t<\/div>\n\t\t\t\t<div class=\"elementor-element elementor-element-8530598 elementor-widget elementor-widget-text-editor\" data-id=\"8530598\" data-element_type=\"widget\" data-e-type=\"widget\" data-widget_type=\"text-editor.default\">\n\t\t\t\t<div class=\"elementor-widget-container\">\n\t\t\t\t\t\t\t\t\t<p>Este 30 de agosto se conmemora una fecha que pone de relieve un flagelo desgraciadamente vigente en el mundo, y que en nuestro pa\u00eds ha dejado heridas profundas sin cicatrizar: es el D\u00eda Internacional de las v\u00edctimas de desapariciones forzadas.<\/p><p>Un encuadre adecuado para el tema podr\u00eda ser un fragmento extra\u00eddo del libro del autor polaco Ryzsard Kapuscinki, El sha o la desmesura del poder, cuando se refiere a la permanencia de los efectos de una dictadura: \u201c\u2026no se puede tener la ilusi\u00f3n que junto a ella (la dictadura) se acabe todo el sistema, desapareciendo como un mal sue\u00f1o. En realidad, s\u00f3lo termina su existencia f\u00edsica. Pero sus efectos ps\u00edquicos y sociales permanecen, viven, y durante a\u00f1os se hacen recordar,e incluso pueden quedarse en formas de comportamientos cultivados en el subconsciente. La dictadura, al destruir la inteligencia y la cultura, ha dejado tras de s\u00ed un campo vac\u00edo y muerto, en el cual el \u00e1rbol del pensamiento tardar\u00e1 mucho tiempo en florecer\u2026\u201d Lo que queda, entonces, es un vac\u00edo filos\u00f3fico y cultural que hay que llenar con la creaci\u00f3n de nuevos valores c\u00edvicos para hacer posible la convivencia ciudadana, mientras se apela a la verdad y la justicia para resta\u00f1ar el equilibrio roto en la sociedad.<\/p><p>Las Naciones Unidas (ONU) sostienen que la desaparici\u00f3n forzada es utilizada para infundir terror en los ciudadanos, porque cuando una persona es sujeto de este mecanismo condenable, no solo su entorno personal se ve afectado, sino que el terror tambi\u00e9n alcanza a su comunidad y se extiende a la sociedad.<\/p><p>Para la Organizaci\u00f3n de las Naciones Unidas, y cito textualmente: \u201cLa desaparici\u00f3n forzada se ha convertido en un problema mundial que no afecta \u00fanicamente a una regi\u00f3n concreta del mundo. Las desapariciones forzadas, que en su d\u00eda fueron principalmente el producto de las dictaduras militares, pueden perpetrarse hoy d\u00eda en situaciones complejas de conflicto interno, especialmente como m\u00e9todo de represi\u00f3n pol\u00edtica de los oponentes\u201d.<\/p>\t\t\t\t\t\t\t\t<\/div>\n\t\t\t\t<\/div>\n\t\t\t\t\t<\/div>\n\t\t<\/div>\n\t\t\t\t\t<\/div>\n\t\t<\/section>\n\t\t\t\t<section class=\"elementor-section elementor-top-section elementor-element elementor-element-b561f11 elementor-section-boxed elementor-section-height-default elementor-section-height-default\" data-id=\"b561f11\" data-element_type=\"section\" data-e-type=\"section\" data-settings=\"{&quot;background_background&quot;:&quot;classic&quot;}\">\n\t\t\t\t\t\t<div class=\"elementor-container elementor-column-gap-default\">\n\t\t\t\t\t<div class=\"elementor-column elementor-col-100 elementor-top-column elementor-element elementor-element-dde80da\" data-id=\"dde80da\" data-element_type=\"column\" data-e-type=\"column\">\n\t\t\t<div class=\"elementor-widget-wrap elementor-element-populated\">\n\t\t\t\t\t\t<div class=\"elementor-element elementor-element-948175f elementor-widget elementor-widget-spacer\" data-id=\"948175f\" data-element_type=\"widget\" data-e-type=\"widget\" data-widget_type=\"spacer.default\">\n\t\t\t\t<div class=\"elementor-widget-container\">\n\t\t\t\t\t\t\t<div class=\"elementor-spacer\">\n\t\t\t<div class=\"elementor-spacer-inner\"><\/div>\n\t\t<\/div>\n\t\t\t\t\t\t<\/div>\n\t\t\t\t<\/div>\n\t\t\t\t<div class=\"elementor-element elementor-element-83a0e19 elementor-align-center elementor-widget elementor-widget-button\" data-id=\"83a0e19\" data-element_type=\"widget\" data-e-type=\"widget\" data-widget_type=\"button.default\">\n\t\t\t\t<div class=\"elementor-widget-container\">\n\t\t\t\t\t\t\t\t\t<div class=\"elementor-button-wrapper\">\n\t\t\t\t\t<a class=\"elementor-button elementor-button-link elementor-size-sm\" href=\"https:\/\/www.clarin.com\/opinion\/victimas-debemos-olvidar_0_gY008T2xE.html\" target=\"_blank\">\n\t\t\t\t\t\t<span class=\"elementor-button-content-wrapper\">\n\t\t\t\t\t\t\t\t\t<span class=\"elementor-button-text\">VER NOTA COMPLETA<\/span>\n\t\t\t\t\t<\/span>\n\t\t\t\t\t<\/a>\n\t\t\t\t<\/div>\n\t\t\t\t\t\t\t\t<\/div>\n\t\t\t\t<\/div>\n\t\t\t\t\t<\/div>\n\t\t<\/div>\n\t\t\t\t\t<\/div>\n\t\t<\/section>\n\t\t\t\t<section class=\"elementor-section elementor-top-section elementor-element elementor-element-74e65b2 elementor-section-boxed elementor-section-height-default elementor-section-height-default\" data-id=\"74e65b2\" data-element_type=\"section\" data-e-type=\"section\">\n\t\t\t\t\t\t<div class=\"elementor-container elementor-column-gap-default\">\n\t\t\t\t\t<div class=\"elementor-column elementor-col-100 elementor-top-column elementor-element elementor-element-1e85921\" data-id=\"1e85921\" data-element_type=\"column\" data-e-type=\"column\">\n\t\t\t<div class=\"elementor-widget-wrap elementor-element-populated\">\n\t\t\t\t\t\t<div class=\"elementor-element elementor-element-d813856 elementor-widget elementor-widget-text-editor\" data-id=\"d813856\" data-element_type=\"widget\" data-e-type=\"widget\" data-widget_type=\"text-editor.default\">\n\t\t\t\t<div class=\"elementor-widget-container\">\n\t\t\t\t\t\t\t\t\t<p><a href=\"https:\/\/www.clarin.com\/opinion\/victimas-debemos-olvidar_0_gY008T2xE.html\" target=\"_blank\" rel=\"noopener\"><strong>https:\/\/www.clarin.com\/opinion\/victimas-debemos-olvidar_0_gY008T2xE.html<\/strong><\/a><\/p>\t\t\t\t\t\t\t\t<\/div>\n\t\t\t\t<\/div>\n\t\t\t\t<div class=\"elementor-element elementor-element-5c10893 elementor-widget elementor-widget-text-editor\" data-id=\"5c10893\" data-element_type=\"widget\" data-e-type=\"widget\" data-widget_type=\"text-editor.default\">\n\t\t\t\t<div class=\"elementor-widget-container\">\n\t\t\t\t\t\t\t\t\t<p>28 de Agosto de 2018<\/p>\t\t\t\t\t\t\t\t<\/div>\n\t\t\t\t<\/div>\n\t\t\t\t\t<\/div>\n\t\t<\/div>\n\t\t\t\t\t<\/div>\n\t\t<\/section>\n\t\t\t\t<section class=\"elementor-section elementor-top-section elementor-element elementor-element-aa2b140 elementor-section-boxed elementor-section-height-default elementor-section-height-default\" data-id=\"aa2b140\" data-element_type=\"section\" data-e-type=\"section\">\n\t\t\t\t\t\t<div class=\"elementor-container elementor-column-gap-default\">\n\t\t\t\t\t<div class=\"elementor-column elementor-col-100 elementor-top-column elementor-element elementor-element-8a3c89a\" data-id=\"8a3c89a\" data-element_type=\"column\" data-e-type=\"column\">\n\t\t\t<div class=\"elementor-widget-wrap elementor-element-populated\">\n\t\t\t\t\t\t<div class=\"elementor-element elementor-element-14c9c66 elementor-widget elementor-widget-spacer\" data-id=\"14c9c66\" data-element_type=\"widget\" data-e-type=\"widget\" data-widget_type=\"spacer.default\">\n\t\t\t\t<div class=\"elementor-widget-container\">\n\t\t\t\t\t\t\t<div class=\"elementor-spacer\">\n\t\t\t<div class=\"elementor-spacer-inner\"><\/div>\n\t\t<\/div>\n\t\t\t\t\t\t<\/div>\n\t\t\t\t<\/div>\n\t\t\t\t<div class=\"elementor-element elementor-element-acb7646 elementor-post-navigation-borders-yes elementor-widget elementor-widget-post-navigation\" data-id=\"acb7646\" data-element_type=\"widget\" data-e-type=\"widget\" data-widget_type=\"post-navigation.default\">\n\t\t\t\t<div class=\"elementor-widget-container\">\n\t\t\t\t\t\t\t<div class=\"elementor-post-navigation\" role=\"navigation\" aria-label=\"Post Navigation\">\n\t\t\t<div class=\"elementor-post-navigation__prev elementor-post-navigation__link\">\n\t\t\t\t<a href=\"https:\/\/inesweinbergderoca.com\/index.php\/2021\/05\/07\/reconciliar-fortalece-la-democracia\/\" rel=\"prev\"><span class=\"post-navigation__arrow-wrapper post-navigation__arrow-prev\"><i aria-hidden=\"true\" class=\"fas fa-angle-left\"><\/i><span class=\"elementor-screen-only\">Prev<\/span><\/span><span class=\"elementor-post-navigation__link__prev\"><span class=\"post-navigation__prev--label\">ANTERIOR<\/span><span class=\"post-navigation__prev--title\">Reconciliar fortalece la democracia<\/span><\/span><\/a>\t\t\t<\/div>\n\t\t\t\t\t\t\t<div class=\"elementor-post-navigation__separator-wrapper\">\n\t\t\t\t\t<div class=\"elementor-post-navigation__separator\"><\/div>\n\t\t\t\t<\/div>\n\t\t\t\t\t\t<div class=\"elementor-post-navigation__next elementor-post-navigation__link\">\n\t\t\t\t<a href=\"https:\/\/inesweinbergderoca.com\/index.php\/2021\/05\/11\/compensar-con-justicia-el-horror\/\" rel=\"next\"><span class=\"elementor-post-navigation__link__next\"><span class=\"post-navigation__next--label\">POSTERIOR<\/span><span class=\"post-navigation__next--title\">Compensar con justicia el horror<\/span><\/span><span class=\"post-navigation__arrow-wrapper post-navigation__arrow-next\"><i aria-hidden=\"true\" class=\"fas fa-angle-right\"><\/i><span class=\"elementor-screen-only\">Next<\/span><\/span><\/a>\t\t\t<\/div>\n\t\t<\/div>\n\t\t\t\t\t\t<\/div>\n\t\t\t\t<\/div>\n\t\t\t\t\t<\/div>\n\t\t<\/div>\n\t\t\t\t\t<\/div>\n\t\t<\/section>\n\t\t\t\t<\/div>\n\t\t","protected":false},"excerpt":{"rendered":"<p>Este 30 de agosto se conmemora una fecha que pone de relieve un flagelo desgraciadamente vigente en el mundo, y que en nuestro pa\u00eds ha dejado heridas profundas sin cicatrizar: es el D\u00eda Internacional de las v\u00edctimas de desapariciones forzadas. Un encuadre adecuado para el tema podr\u00eda ser un fragmento extra\u00eddo del libro del autor <a class=\"more-link\" href=\"https:\/\/inesweinbergderoca.com\/index.php\/2021\/05\/10\/victimas-que-no-debemos-olvidar\/\">Continue reading <i class=\"fa fa-chevron-right\"><\/i><\/a><\/p>\n","protected":false},"author":1,"featured_media":0,"comment_status":"closed","ping_status":"closed","sticky":false,"template":"elementor_header_footer","format":"standard","meta":{"_monsterinsights_skip_tracking":false,"_monsterinsights_sitenote_active":false,"_monsterinsights_sitenote_note":"","_monsterinsights_sitenote_category":0,"footnotes":""},"categories":[10],"tags":[],"class_list":["post-469","post","type-post","status-publish","format-standard","hentry","category-memoria"],"yoast_head":"<!-- This site is optimized with the Yoast SEO plugin v27.5 - https:\/\/yoast.com\/product\/yoast-seo-wordpress\/ -->\n<title>V\u00edctimas que no debemos olvidar &#062; In\u00e9s Weinberg de Roca<\/title>\n<meta name=\"robots\" content=\"index, follow, max-snippet:-1, max-image-preview:large, max-video-preview:-1\" \/>\n<link rel=\"canonical\" href=\"https:\/\/inesweinbergderoca.com\/index.php\/2021\/05\/10\/victimas-que-no-debemos-olvidar\/\" \/>\n<meta property=\"og:locale\" content=\"es_ES\" \/>\n<meta property=\"og:type\" content=\"article\" \/>\n<meta property=\"og:title\" content=\"V\u00edctimas que no debemos olvidar &#062; In\u00e9s Weinberg de Roca\" \/>\n<meta property=\"og:description\" content=\"Este 30 de agosto se conmemora una fecha que pone de relieve un flagelo desgraciadamente vigente en el mundo, y que en nuestro pa\u00eds ha dejado heridas profundas sin cicatrizar: es el D\u00eda Internacional de las v\u00edctimas de desapariciones forzadas. Un encuadre adecuado para el tema podr\u00eda ser un fragmento extra\u00eddo del libro del autor Continue reading\" \/>\n<meta property=\"og:url\" content=\"https:\/\/inesweinbergderoca.com\/index.php\/2021\/05\/10\/victimas-que-no-debemos-olvidar\/\" \/>\n<meta property=\"og:site_name\" content=\"In\u00e9s Weinberg de Roca\" \/>\n<meta property=\"article:published_time\" content=\"2021-05-10T04:50:08+00:00\" \/>\n<meta property=\"article:modified_time\" content=\"2021-05-22T04:33:11+00:00\" \/>\n<meta name=\"author\" content=\"Susana2021\" \/>\n<meta name=\"twitter:card\" content=\"summary_large_image\" \/>\n<meta name=\"twitter:label1\" content=\"Escrito por\" \/>\n\t<meta name=\"twitter:data1\" content=\"Susana2021\" \/>\n\t<meta name=\"twitter:label2\" content=\"Tiempo de lectura\" \/>\n\t<meta name=\"twitter:data2\" content=\"2 minutos\" \/>\n<script type=\"application\/ld+json\" class=\"yoast-schema-graph\">{\"@context\":\"https:\\\/\\\/schema.org\",\"@graph\":[{\"@type\":\"Article\",\"@id\":\"https:\\\/\\\/inesweinbergderoca.com\\\/index.php\\\/2021\\\/05\\\/10\\\/victimas-que-no-debemos-olvidar\\\/#article\",\"isPartOf\":{\"@id\":\"https:\\\/\\\/inesweinbergderoca.com\\\/index.php\\\/2021\\\/05\\\/10\\\/victimas-que-no-debemos-olvidar\\\/\"},\"author\":{\"name\":\"Susana2021\",\"@id\":\"https:\\\/\\\/inesweinbergderoca.com\\\/#\\\/schema\\\/person\\\/e935f5cfe8b9d91e4e11182ac4455393\"},\"headline\":\"V\u00edctimas que no debemos olvidar\",\"datePublished\":\"2021-05-10T04:50:08+00:00\",\"dateModified\":\"2021-05-22T04:33:11+00:00\",\"mainEntityOfPage\":{\"@id\":\"https:\\\/\\\/inesweinbergderoca.com\\\/index.php\\\/2021\\\/05\\\/10\\\/victimas-que-no-debemos-olvidar\\\/\"},\"wordCount\":369,\"publisher\":{\"@id\":\"https:\\\/\\\/inesweinbergderoca.com\\\/#\\\/schema\\\/person\\\/e935f5cfe8b9d91e4e11182ac4455393\"},\"articleSection\":[\"memoria\"],\"inLanguage\":\"es-AR\"},{\"@type\":\"WebPage\",\"@id\":\"https:\\\/\\\/inesweinbergderoca.com\\\/index.php\\\/2021\\\/05\\\/10\\\/victimas-que-no-debemos-olvidar\\\/\",\"url\":\"https:\\\/\\\/inesweinbergderoca.com\\\/index.php\\\/2021\\\/05\\\/10\\\/victimas-que-no-debemos-olvidar\\\/\",\"name\":\"V\u00edctimas que no debemos olvidar &#062; In\u00e9s Weinberg de Roca\",\"isPartOf\":{\"@id\":\"https:\\\/\\\/inesweinbergderoca.com\\\/#website\"},\"datePublished\":\"2021-05-10T04:50:08+00:00\",\"dateModified\":\"2021-05-22T04:33:11+00:00\",\"breadcrumb\":{\"@id\":\"https:\\\/\\\/inesweinbergderoca.com\\\/index.php\\\/2021\\\/05\\\/10\\\/victimas-que-no-debemos-olvidar\\\/#breadcrumb\"},\"inLanguage\":\"es-AR\",\"potentialAction\":[{\"@type\":\"ReadAction\",\"target\":[\"https:\\\/\\\/inesweinbergderoca.com\\\/index.php\\\/2021\\\/05\\\/10\\\/victimas-que-no-debemos-olvidar\\\/\"]}]},{\"@type\":\"BreadcrumbList\",\"@id\":\"https:\\\/\\\/inesweinbergderoca.com\\\/index.php\\\/2021\\\/05\\\/10\\\/victimas-que-no-debemos-olvidar\\\/#breadcrumb\",\"itemListElement\":[{\"@type\":\"ListItem\",\"position\":1,\"name\":\"Inicio\",\"item\":\"https:\\\/\\\/inesweinbergderoca.com\\\/\"},{\"@type\":\"ListItem\",\"position\":2,\"name\":\"V\u00edctimas que no debemos olvidar\"}]},{\"@type\":\"WebSite\",\"@id\":\"https:\\\/\\\/inesweinbergderoca.com\\\/#website\",\"url\":\"https:\\\/\\\/inesweinbergderoca.com\\\/\",\"name\":\"Ines Weinberg de Roca Sitio Oficial\",\"description\":\"\",\"publisher\":{\"@id\":\"https:\\\/\\\/inesweinbergderoca.com\\\/#\\\/schema\\\/person\\\/e935f5cfe8b9d91e4e11182ac4455393\"},\"potentialAction\":[{\"@type\":\"SearchAction\",\"target\":{\"@type\":\"EntryPoint\",\"urlTemplate\":\"https:\\\/\\\/inesweinbergderoca.com\\\/?s={search_term_string}\"},\"query-input\":{\"@type\":\"PropertyValueSpecification\",\"valueRequired\":true,\"valueName\":\"search_term_string\"}}],\"inLanguage\":\"es-AR\"},{\"@type\":[\"Person\",\"Organization\"],\"@id\":\"https:\\\/\\\/inesweinbergderoca.com\\\/#\\\/schema\\\/person\\\/e935f5cfe8b9d91e4e11182ac4455393\",\"name\":\"Susana2021\",\"image\":{\"@type\":\"ImageObject\",\"inLanguage\":\"es-AR\",\"@id\":\"https:\\\/\\\/inesweinbergderoca.com\\\/wp-content\\\/uploads\\\/2021\\\/06\\\/cropped-favicon.jpg\",\"url\":\"https:\\\/\\\/inesweinbergderoca.com\\\/wp-content\\\/uploads\\\/2021\\\/06\\\/cropped-favicon.jpg\",\"contentUrl\":\"https:\\\/\\\/inesweinbergderoca.com\\\/wp-content\\\/uploads\\\/2021\\\/06\\\/cropped-favicon.jpg\",\"width\":512,\"height\":512,\"caption\":\"Susana2021\"},\"logo\":{\"@id\":\"https:\\\/\\\/inesweinbergderoca.com\\\/wp-content\\\/uploads\\\/2021\\\/06\\\/cropped-favicon.jpg\"},\"sameAs\":[\"https:\\\/\\\/inesweinbergderoca.com\"],\"url\":\"https:\\\/\\\/inesweinbergderoca.com\\\/index.php\\\/author\\\/susana2021\\\/\"}]}<\/script>\n<!-- \/ Yoast SEO plugin. -->","yoast_head_json":{"title":"V\u00edctimas que no debemos olvidar &#062; In\u00e9s Weinberg de Roca","robots":{"index":"index","follow":"follow","max-snippet":"max-snippet:-1","max-image-preview":"max-image-preview:large","max-video-preview":"max-video-preview:-1"},"canonical":"https:\/\/inesweinbergderoca.com\/index.php\/2021\/05\/10\/victimas-que-no-debemos-olvidar\/","og_locale":"es_ES","og_type":"article","og_title":"V\u00edctimas que no debemos olvidar &#062; In\u00e9s Weinberg de Roca","og_description":"Este 30 de agosto se conmemora una fecha que pone de relieve un flagelo desgraciadamente vigente en el mundo, y que en nuestro pa\u00eds ha dejado heridas profundas sin cicatrizar: es el D\u00eda Internacional de las v\u00edctimas de desapariciones forzadas. Un encuadre adecuado para el tema podr\u00eda ser un fragmento extra\u00eddo del libro del autor Continue reading","og_url":"https:\/\/inesweinbergderoca.com\/index.php\/2021\/05\/10\/victimas-que-no-debemos-olvidar\/","og_site_name":"In\u00e9s Weinberg de Roca","article_published_time":"2021-05-10T04:50:08+00:00","article_modified_time":"2021-05-22T04:33:11+00:00","author":"Susana2021","twitter_card":"summary_large_image","twitter_misc":{"Escrito por":"Susana2021","Tiempo de lectura":"2 minutos"},"schema":{"@context":"https:\/\/schema.org","@graph":[{"@type":"Article","@id":"https:\/\/inesweinbergderoca.com\/index.php\/2021\/05\/10\/victimas-que-no-debemos-olvidar\/#article","isPartOf":{"@id":"https:\/\/inesweinbergderoca.com\/index.php\/2021\/05\/10\/victimas-que-no-debemos-olvidar\/"},"author":{"name":"Susana2021","@id":"https:\/\/inesweinbergderoca.com\/#\/schema\/person\/e935f5cfe8b9d91e4e11182ac4455393"},"headline":"V\u00edctimas que no debemos olvidar","datePublished":"2021-05-10T04:50:08+00:00","dateModified":"2021-05-22T04:33:11+00:00","mainEntityOfPage":{"@id":"https:\/\/inesweinbergderoca.com\/index.php\/2021\/05\/10\/victimas-que-no-debemos-olvidar\/"},"wordCount":369,"publisher":{"@id":"https:\/\/inesweinbergderoca.com\/#\/schema\/person\/e935f5cfe8b9d91e4e11182ac4455393"},"articleSection":["memoria"],"inLanguage":"es-AR"},{"@type":"WebPage","@id":"https:\/\/inesweinbergderoca.com\/index.php\/2021\/05\/10\/victimas-que-no-debemos-olvidar\/","url":"https:\/\/inesweinbergderoca.com\/index.php\/2021\/05\/10\/victimas-que-no-debemos-olvidar\/","name":"V\u00edctimas que no debemos olvidar &#062; In\u00e9s Weinberg de Roca","isPartOf":{"@id":"https:\/\/inesweinbergderoca.com\/#website"},"datePublished":"2021-05-10T04:50:08+00:00","dateModified":"2021-05-22T04:33:11+00:00","breadcrumb":{"@id":"https:\/\/inesweinbergderoca.com\/index.php\/2021\/05\/10\/victimas-que-no-debemos-olvidar\/#breadcrumb"},"inLanguage":"es-AR","potentialAction":[{"@type":"ReadAction","target":["https:\/\/inesweinbergderoca.com\/index.php\/2021\/05\/10\/victimas-que-no-debemos-olvidar\/"]}]},{"@type":"BreadcrumbList","@id":"https:\/\/inesweinbergderoca.com\/index.php\/2021\/05\/10\/victimas-que-no-debemos-olvidar\/#breadcrumb","itemListElement":[{"@type":"ListItem","position":1,"name":"Inicio","item":"https:\/\/inesweinbergderoca.com\/"},{"@type":"ListItem","position":2,"name":"V\u00edctimas que no debemos olvidar"}]},{"@type":"WebSite","@id":"https:\/\/inesweinbergderoca.com\/#website","url":"https:\/\/inesweinbergderoca.com\/","name":"Ines Weinberg de Roca Sitio Oficial","description":"","publisher":{"@id":"https:\/\/inesweinbergderoca.com\/#\/schema\/person\/e935f5cfe8b9d91e4e11182ac4455393"},"potentialAction":[{"@type":"SearchAction","target":{"@type":"EntryPoint","urlTemplate":"https:\/\/inesweinbergderoca.com\/?s={search_term_string}"},"query-input":{"@type":"PropertyValueSpecification","valueRequired":true,"valueName":"search_term_string"}}],"inLanguage":"es-AR"},{"@type":["Person","Organization"],"@id":"https:\/\/inesweinbergderoca.com\/#\/schema\/person\/e935f5cfe8b9d91e4e11182ac4455393","name":"Susana2021","image":{"@type":"ImageObject","inLanguage":"es-AR","@id":"https:\/\/inesweinbergderoca.com\/wp-content\/uploads\/2021\/06\/cropped-favicon.jpg","url":"https:\/\/inesweinbergderoca.com\/wp-content\/uploads\/2021\/06\/cropped-favicon.jpg","contentUrl":"https:\/\/inesweinbergderoca.com\/wp-content\/uploads\/2021\/06\/cropped-favicon.jpg","width":512,"height":512,"caption":"Susana2021"},"logo":{"@id":"https:\/\/inesweinbergderoca.com\/wp-content\/uploads\/2021\/06\/cropped-favicon.jpg"},"sameAs":["https:\/\/inesweinbergderoca.com"],"url":"https:\/\/inesweinbergderoca.com\/index.php\/author\/susana2021\/"}]}},"_links":{"self":[{"href":"https:\/\/inesweinbergderoca.com\/index.php\/wp-json\/wp\/v2\/posts\/469","targetHints":{"allow":["GET"]}}],"collection":[{"href":"https:\/\/inesweinbergderoca.com\/index.php\/wp-json\/wp\/v2\/posts"}],"about":[{"href":"https:\/\/inesweinbergderoca.com\/index.php\/wp-json\/wp\/v2\/types\/post"}],"author":[{"embeddable":true,"href":"https:\/\/inesweinbergderoca.com\/index.php\/wp-json\/wp\/v2\/users\/1"}],"replies":[{"embeddable":true,"href":"https:\/\/inesweinbergderoca.com\/index.php\/wp-json\/wp\/v2\/comments?post=469"}],"version-history":[{"count":32,"href":"https:\/\/inesweinbergderoca.com\/index.php\/wp-json\/wp\/v2\/posts\/469\/revisions"}],"predecessor-version":[{"id":663,"href":"https:\/\/inesweinbergderoca.com\/index.php\/wp-json\/wp\/v2\/posts\/469\/revisions\/663"}],"wp:attachment":[{"href":"https:\/\/inesweinbergderoca.com\/index.php\/wp-json\/wp\/v2\/media?parent=469"}],"wp:term":[{"taxonomy":"category","embeddable":true,"href":"https:\/\/inesweinbergderoca.com\/index.php\/wp-json\/wp\/v2\/categories?post=469"},{"taxonomy":"post_tag","embeddable":true,"href":"https:\/\/inesweinbergderoca.com\/index.php\/wp-json\/wp\/v2\/tags?post=469"}],"curies":[{"name":"wp","href":"https:\/\/api.w.org\/{rel}","templated":true}]}}