{"id":421,"date":"2021-05-05T04:04:03","date_gmt":"2021-05-05T04:04:03","guid":{"rendered":"https:\/\/inesweinbergderoca.com\/?p=421"},"modified":"2021-05-05T06:17:28","modified_gmt":"2021-05-05T06:17:28","slug":"dia-internacional-de-las-victimas","status":"publish","type":"post","link":"https:\/\/inesweinbergderoca.com\/index.php\/2021\/05\/05\/dia-internacional-de-las-victimas\/","title":{"rendered":"D\u00eda Internacional de las v\u00edctimas de desapariciones forzadas"},"content":{"rendered":"\t\t<div data-elementor-type=\"wp-post\" data-elementor-id=\"421\" class=\"elementor elementor-421\" data-elementor-post-type=\"post\">\n\t\t\t\t\t\t<section class=\"elementor-section elementor-top-section elementor-element elementor-element-27af825 elementor-section-boxed elementor-section-height-default elementor-section-height-default\" data-id=\"27af825\" data-element_type=\"section\" data-e-type=\"section\">\n\t\t\t\t\t\t<div class=\"elementor-container elementor-column-gap-default\">\n\t\t\t\t\t<div class=\"elementor-column elementor-col-100 elementor-top-column elementor-element elementor-element-e2f3b3c\" data-id=\"e2f3b3c\" data-element_type=\"column\" data-e-type=\"column\">\n\t\t\t<div class=\"elementor-widget-wrap elementor-element-populated\">\n\t\t\t\t\t\t<div class=\"elementor-element elementor-element-3293c9c elementor-widget elementor-widget-spacer\" data-id=\"3293c9c\" data-element_type=\"widget\" data-e-type=\"widget\" data-widget_type=\"spacer.default\">\n\t\t\t\t<div class=\"elementor-widget-container\">\n\t\t\t\t\t\t\t<div class=\"elementor-spacer\">\n\t\t\t<div class=\"elementor-spacer-inner\"><\/div>\n\t\t<\/div>\n\t\t\t\t\t\t<\/div>\n\t\t\t\t<\/div>\n\t\t\t\t<div class=\"elementor-element elementor-element-77a9256 elementor-widget elementor-widget-text-editor\" data-id=\"77a9256\" data-element_type=\"widget\" data-e-type=\"widget\" data-widget_type=\"text-editor.default\">\n\t\t\t\t<div class=\"elementor-widget-container\">\n\t\t\t\t\t\t\t\t\t<p><strong>Las v\u00edctimas que los poderes p\u00fablicos no deben olvidar<\/strong><\/p>\n<p>Por In\u00e9s M. Weinberg (*)<\/p>\n<p>Este 30 de agosto se conmemora una fecha que pone de relieve un flagelo desgraciadamente vigente en el mundo, y que en nuestro pa\u00eds ha dejado heridas profundas sin cicatrizar: es el <em>D\u00eda Internacional de las v\u00edctimas de desapariciones forzadas<\/em>.<\/p>\n<p>Un encuadre adecuado para el tema podr\u00eda ser un fragmento extra\u00eddo del libro del autor polaco Ryzsard Kapuscinki,\u00a0 \u201cEl sha o la desmesura del poder\u201d, cuando se refiere a la permanencia de los efectos de una dictadura: \u201c\u2026no se puede tener la ilusi\u00f3n que junto a ella (la dictadura) se acabe todo el sistema, desapareciendo como un mal sue\u00f1o. En realidad s\u00f3lo termina su existencia f\u00edsica. Pero sus efectos ps\u00edquicos y sociales permanecen, viven, y durante a\u00f1os se hacen recordar,\u00a0e incluso pueden quedarse en formas de comportamientos cultivados en el subconsciente. La dictadura, al destruir la inteligencia y la cultura, ha dejado tras de s\u00ed un campo vac\u00edo y muerto, en el cual el \u00e1rbol del pensamiento tardar\u00e1 mucho tiempo en florecer\u2026&#8221;<\/p>\n<p>Lo que queda, entonces, es un vac\u00edo filos\u00f3fico y cultural que hay que llenar con la creaci\u00f3n de nuevos valores c\u00edvicos para hacer posible la convivencia ciudadana, mientras se apela a la verdad y la justicia para resta\u00f1ar el equilibrio roto en la sociedad.<\/p>\n<p>Las Naciones Unidas (ONU) sostienen que la desaparici\u00f3n forzada es utilizada para infundir terror en los ciudadanos, porque cuando una persona es sujeto de este mecanismo condenable, no solo su entorno personal se ve afectado, sino que el terror tambi\u00e9n alcanza a su comunidad y se extiende a la sociedad.<\/p>\n<p>Para la Organizaci\u00f3n de las Naciones Unidas y cito textualmente: \u201cLa desaparici\u00f3n forzada se ha convertido en un problema mundial que no afecta \u00fanicamente a una regi\u00f3n concreta del mundo. Las desapariciones forzadas, que en su d\u00eda fueron principalmente el producto de las dictaduras militares, pueden perpetrarse hoy d\u00eda en situaciones complejas de conflicto interno, especialmente como m\u00e9todo de represi\u00f3n pol\u00edtica de los oponentes\u201d.<\/p>\n<p>Por eso en la actualidad se ha diversificado el blanco de esta metodolog\u00eda a nivel mundial. Por ejemplo, el acoso a defensores de derechos humanos, la desaparici\u00f3n creciente de l\u00edderes sociales y de periodistas cr\u00edticos con determinados gobiernos o reg\u00edmenes, la lucha contra el terrorismo como excusa para incumplir con la obligaci\u00f3n estatal de velar por la seguridad de los ciudadanos, y como sostiene la ONU, \u201cla todav\u00eda generalizada impunidad por la pr\u00e1ctica de la desaparici\u00f3n forzada\u201d.<\/p>\n<p>Solo basta con leer los titulares de los principales medios de comunicaci\u00f3n para comprender que la tragedia de la desaparici\u00f3n forzada no ocurre nada m\u00e1s que en pa\u00edses en guerra. \u00a0<\/p>\n<p>En nuestra regi\u00f3n latinoamericana, aun en las naciones democr\u00e1ticas como Colombia, inmersa en un proceso de pacificaci\u00f3n; o M\u00e9xico, que libra una batalla contra los carteles del narcotr\u00e1fico; o Guatemala, empe\u00f1ada en una lucha por una baja en las tasas de criminalidad, la desaparici\u00f3n forzada es un tema grave que debe integrarse ineludiblemente en la agenda pol\u00edtica y judicial.<\/p>\n<p>Una v\u00edctima de desaparici\u00f3n forzada es privada de su completa identidad, su integridad humana es invisibilizada y se le arrebatan todos sus derechos y garant\u00edas como ciudadano. Es un estado aterrador para la v\u00edctima y su entorno.<\/p>\n<p>Arrestos sin garant\u00eda, detenciones sin respeto a la legalidad, secuestros, hostigamientos e intimidaciones son parte de un sistema que rodea la desaparici\u00f3n forzada hoy en d\u00eda, y estas situaciones nos obligan a permanecer en estado de alerta, pues la metodolog\u00eda no s\u00f3lo es aplicada por gobiernos dictatoriales que no respetan derechos ni garant\u00edas constitucionales, sino que -en un mundo tan complejo- tambi\u00e9n es utilizada por el crimen organizado.<\/p>\n<p>La <a href=\"http:\/\/www.ohchr.org\/SP\/ProfessionalInterest\/Pages\/ConventionCED.aspx\">Convenci\u00f3n Internacional para la protecci\u00f3n de todas las personas contra las desapariciones forzadas<\/a>,\u00a0vigente desde 2011, es una herramienta valiosa que, como norma, no resuelve por su mera existencia este flagelo. Pero s\u00ed obliga a los Estados a redoblar su obligaci\u00f3n de proteger a sus ciudadanos, garantizando sus derechos y sus libertades.<\/p>\n<p>En este d\u00eda tenemos la oportunidad de reflexionar sobre una tragedia que, a la luz de los nuevos problemas que el mundo enfrenta, tambi\u00e9n se ampl\u00eda jur\u00eddica y geogr\u00e1ficamente. Podemos llamar la atenci\u00f3n de la opini\u00f3n p\u00fablica mundial sobre un tema cr\u00edtico que desde la justicia conocemos en profundidad.<\/p>\n<p>La desaparici\u00f3n forzada sigue siendo una herida abierta en la sociedad argentina y es un verdadero flagelo sin resolver a nivel planetario. Los individuos y las sociedades solo pueden precaverse y estar alerta con la informaci\u00f3n suficiente y constante para saber que son sujetos de obligaciones y de derechos, y que \u00fanicamente conoci\u00e9ndolos y sabiendo cu\u00e1les son sus garant\u00edas constitucionales pueden reclamar adecuadamente la acci\u00f3n de los poderes p\u00fablicos.<\/p>\n<p>(*) Es Presidente del Tribunal Superior de Justicia de la CABA<\/p>\t\t\t\t\t\t\t\t<\/div>\n\t\t\t\t<\/div>\n\t\t\t\t\t<\/div>\n\t\t<\/div>\n\t\t\t\t\t<\/div>\n\t\t<\/section>\n\t\t\t\t<section class=\"elementor-section elementor-top-section elementor-element elementor-element-7ae8022 elementor-section-boxed elementor-section-height-default elementor-section-height-default\" data-id=\"7ae8022\" data-element_type=\"section\" data-e-type=\"section\">\n\t\t\t\t\t\t<div class=\"elementor-container elementor-column-gap-default\">\n\t\t\t\t\t<div class=\"elementor-column elementor-col-100 elementor-top-column elementor-element elementor-element-ee69422\" data-id=\"ee69422\" data-element_type=\"column\" data-e-type=\"column\">\n\t\t\t<div class=\"elementor-widget-wrap elementor-element-populated\">\n\t\t\t\t\t\t<div class=\"elementor-element elementor-element-e0ba5d8 elementor-widget elementor-widget-spacer\" data-id=\"e0ba5d8\" data-element_type=\"widget\" data-e-type=\"widget\" data-widget_type=\"spacer.default\">\n\t\t\t\t<div class=\"elementor-widget-container\">\n\t\t\t\t\t\t\t<div class=\"elementor-spacer\">\n\t\t\t<div class=\"elementor-spacer-inner\"><\/div>\n\t\t<\/div>\n\t\t\t\t\t\t<\/div>\n\t\t\t\t<\/div>\n\t\t\t\t<div class=\"elementor-element elementor-element-cc90c0b elementor-post-navigation-borders-yes elementor-widget elementor-widget-post-navigation\" data-id=\"cc90c0b\" data-element_type=\"widget\" data-e-type=\"widget\" data-widget_type=\"post-navigation.default\">\n\t\t\t\t<div class=\"elementor-widget-container\">\n\t\t\t\t\t\t\t<div class=\"elementor-post-navigation\" role=\"navigation\" aria-label=\"Post Navigation\">\n\t\t\t<div class=\"elementor-post-navigation__prev elementor-post-navigation__link\">\n\t\t\t\t<a href=\"https:\/\/inesweinbergderoca.com\/index.php\/2021\/05\/03\/el-desafio-de-hacer-justicia-despues-del-horror\/\" rel=\"prev\"><span class=\"post-navigation__arrow-wrapper post-navigation__arrow-prev\"><i aria-hidden=\"true\" class=\"fas fa-angle-left\"><\/i><span class=\"elementor-screen-only\">Prev<\/span><\/span><span class=\"elementor-post-navigation__link__prev\"><span class=\"post-navigation__prev--label\">ANTERIOR<\/span><span class=\"post-navigation__prev--title\">El desaf\u00edo de hacer justicia despu\u00e9s del horror<\/span><\/span><\/a>\t\t\t<\/div>\n\t\t\t\t\t\t\t<div class=\"elementor-post-navigation__separator-wrapper\">\n\t\t\t\t\t<div class=\"elementor-post-navigation__separator\"><\/div>\n\t\t\t\t<\/div>\n\t\t\t\t\t\t<div class=\"elementor-post-navigation__next elementor-post-navigation__link\">\n\t\t\t\t<a href=\"https:\/\/inesweinbergderoca.com\/index.php\/2021\/05\/05\/el-fundamentalismo-obliga-a-repensar-la-integracion\/\" rel=\"next\"><span class=\"elementor-post-navigation__link__next\"><span class=\"post-navigation__next--label\">POSTERIOR<\/span><span class=\"post-navigation__next--title\">El fundamentalismo obliga a repensar la integraci\u00f3n<\/span><\/span><span class=\"post-navigation__arrow-wrapper post-navigation__arrow-next\"><i aria-hidden=\"true\" class=\"fas fa-angle-right\"><\/i><span class=\"elementor-screen-only\">Next<\/span><\/span><\/a>\t\t\t<\/div>\n\t\t<\/div>\n\t\t\t\t\t\t<\/div>\n\t\t\t\t<\/div>\n\t\t\t\t\t<\/div>\n\t\t<\/div>\n\t\t\t\t\t<\/div>\n\t\t<\/section>\n\t\t\t\t<\/div>\n\t\t","protected":false},"excerpt":{"rendered":"<p>Las v\u00edctimas que los poderes p\u00fablicos no deben olvidar Por In\u00e9s M. Weinberg (*) Este 30 de agosto se conmemora una fecha que pone de relieve un flagelo desgraciadamente vigente en el mundo, y que en nuestro pa\u00eds ha dejado heridas profundas sin cicatrizar: es el D\u00eda Internacional de las v\u00edctimas de desapariciones forzadas. Un <a class=\"more-link\" href=\"https:\/\/inesweinbergderoca.com\/index.php\/2021\/05\/05\/dia-internacional-de-las-victimas\/\">Continue reading <i class=\"fa fa-chevron-right\"><\/i><\/a><\/p>\n","protected":false},"author":1,"featured_media":0,"comment_status":"closed","ping_status":"closed","sticky":false,"template":"elementor_header_footer","format":"standard","meta":{"_monsterinsights_skip_tracking":false,"_monsterinsights_sitenote_active":false,"_monsterinsights_sitenote_note":"","_monsterinsights_sitenote_category":0,"footnotes":""},"categories":[10],"tags":[],"class_list":["post-421","post","type-post","status-publish","format-standard","hentry","category-memoria"],"yoast_head":"<!-- This site is optimized with the Yoast SEO plugin v27.5 - https:\/\/yoast.com\/product\/yoast-seo-wordpress\/ -->\n<title>D\u00eda Internacional de las v\u00edctimas de desapariciones forzadas &#062; In\u00e9s Weinberg de Roca<\/title>\n<meta name=\"robots\" content=\"index, follow, max-snippet:-1, max-image-preview:large, max-video-preview:-1\" \/>\n<link rel=\"canonical\" href=\"https:\/\/inesweinbergderoca.com\/index.php\/2021\/05\/05\/dia-internacional-de-las-victimas\/\" \/>\n<meta property=\"og:locale\" content=\"es_ES\" \/>\n<meta property=\"og:type\" content=\"article\" \/>\n<meta property=\"og:title\" content=\"D\u00eda Internacional de las v\u00edctimas de desapariciones forzadas &#062; In\u00e9s Weinberg de Roca\" \/>\n<meta property=\"og:description\" content=\"Las v\u00edctimas que los poderes p\u00fablicos no deben olvidar Por In\u00e9s M. Weinberg (*) Este 30 de agosto se conmemora una fecha que pone de relieve un flagelo desgraciadamente vigente en el mundo, y que en nuestro pa\u00eds ha dejado heridas profundas sin cicatrizar: es el D\u00eda Internacional de las v\u00edctimas de desapariciones forzadas. Un Continue reading\" \/>\n<meta property=\"og:url\" content=\"https:\/\/inesweinbergderoca.com\/index.php\/2021\/05\/05\/dia-internacional-de-las-victimas\/\" \/>\n<meta property=\"og:site_name\" content=\"In\u00e9s Weinberg de Roca\" \/>\n<meta property=\"article:published_time\" content=\"2021-05-05T04:04:03+00:00\" \/>\n<meta property=\"article:modified_time\" content=\"2021-05-05T06:17:28+00:00\" \/>\n<meta name=\"author\" content=\"Susana2021\" \/>\n<meta name=\"twitter:card\" content=\"summary_large_image\" \/>\n<meta name=\"twitter:label1\" content=\"Escrito por\" \/>\n\t<meta name=\"twitter:data1\" content=\"Susana2021\" \/>\n\t<meta name=\"twitter:label2\" content=\"Tiempo de lectura\" \/>\n\t<meta name=\"twitter:data2\" content=\"4 minutos\" \/>\n<script type=\"application\/ld+json\" class=\"yoast-schema-graph\">{\"@context\":\"https:\\\/\\\/schema.org\",\"@graph\":[{\"@type\":\"Article\",\"@id\":\"https:\\\/\\\/inesweinbergderoca.com\\\/index.php\\\/2021\\\/05\\\/05\\\/dia-internacional-de-las-victimas\\\/#article\",\"isPartOf\":{\"@id\":\"https:\\\/\\\/inesweinbergderoca.com\\\/index.php\\\/2021\\\/05\\\/05\\\/dia-internacional-de-las-victimas\\\/\"},\"author\":{\"name\":\"Susana2021\",\"@id\":\"https:\\\/\\\/inesweinbergderoca.com\\\/#\\\/schema\\\/person\\\/e935f5cfe8b9d91e4e11182ac4455393\"},\"headline\":\"D\u00eda Internacional de las v\u00edctimas de desapariciones forzadas\",\"datePublished\":\"2021-05-05T04:04:03+00:00\",\"dateModified\":\"2021-05-05T06:17:28+00:00\",\"mainEntityOfPage\":{\"@id\":\"https:\\\/\\\/inesweinbergderoca.com\\\/index.php\\\/2021\\\/05\\\/05\\\/dia-internacional-de-las-victimas\\\/\"},\"wordCount\":875,\"publisher\":{\"@id\":\"https:\\\/\\\/inesweinbergderoca.com\\\/#\\\/schema\\\/person\\\/e935f5cfe8b9d91e4e11182ac4455393\"},\"articleSection\":[\"memoria\"],\"inLanguage\":\"es-AR\"},{\"@type\":\"WebPage\",\"@id\":\"https:\\\/\\\/inesweinbergderoca.com\\\/index.php\\\/2021\\\/05\\\/05\\\/dia-internacional-de-las-victimas\\\/\",\"url\":\"https:\\\/\\\/inesweinbergderoca.com\\\/index.php\\\/2021\\\/05\\\/05\\\/dia-internacional-de-las-victimas\\\/\",\"name\":\"D\u00eda Internacional de las v\u00edctimas de desapariciones forzadas &#062; In\u00e9s Weinberg de Roca\",\"isPartOf\":{\"@id\":\"https:\\\/\\\/inesweinbergderoca.com\\\/#website\"},\"datePublished\":\"2021-05-05T04:04:03+00:00\",\"dateModified\":\"2021-05-05T06:17:28+00:00\",\"breadcrumb\":{\"@id\":\"https:\\\/\\\/inesweinbergderoca.com\\\/index.php\\\/2021\\\/05\\\/05\\\/dia-internacional-de-las-victimas\\\/#breadcrumb\"},\"inLanguage\":\"es-AR\",\"potentialAction\":[{\"@type\":\"ReadAction\",\"target\":[\"https:\\\/\\\/inesweinbergderoca.com\\\/index.php\\\/2021\\\/05\\\/05\\\/dia-internacional-de-las-victimas\\\/\"]}]},{\"@type\":\"BreadcrumbList\",\"@id\":\"https:\\\/\\\/inesweinbergderoca.com\\\/index.php\\\/2021\\\/05\\\/05\\\/dia-internacional-de-las-victimas\\\/#breadcrumb\",\"itemListElement\":[{\"@type\":\"ListItem\",\"position\":1,\"name\":\"Inicio\",\"item\":\"https:\\\/\\\/inesweinbergderoca.com\\\/\"},{\"@type\":\"ListItem\",\"position\":2,\"name\":\"D\u00eda Internacional de las v\u00edctimas de desapariciones forzadas\"}]},{\"@type\":\"WebSite\",\"@id\":\"https:\\\/\\\/inesweinbergderoca.com\\\/#website\",\"url\":\"https:\\\/\\\/inesweinbergderoca.com\\\/\",\"name\":\"Ines Weinberg de Roca Sitio Oficial\",\"description\":\"\",\"publisher\":{\"@id\":\"https:\\\/\\\/inesweinbergderoca.com\\\/#\\\/schema\\\/person\\\/e935f5cfe8b9d91e4e11182ac4455393\"},\"potentialAction\":[{\"@type\":\"SearchAction\",\"target\":{\"@type\":\"EntryPoint\",\"urlTemplate\":\"https:\\\/\\\/inesweinbergderoca.com\\\/?s={search_term_string}\"},\"query-input\":{\"@type\":\"PropertyValueSpecification\",\"valueRequired\":true,\"valueName\":\"search_term_string\"}}],\"inLanguage\":\"es-AR\"},{\"@type\":[\"Person\",\"Organization\"],\"@id\":\"https:\\\/\\\/inesweinbergderoca.com\\\/#\\\/schema\\\/person\\\/e935f5cfe8b9d91e4e11182ac4455393\",\"name\":\"Susana2021\",\"image\":{\"@type\":\"ImageObject\",\"inLanguage\":\"es-AR\",\"@id\":\"https:\\\/\\\/inesweinbergderoca.com\\\/wp-content\\\/uploads\\\/2021\\\/06\\\/cropped-favicon.jpg\",\"url\":\"https:\\\/\\\/inesweinbergderoca.com\\\/wp-content\\\/uploads\\\/2021\\\/06\\\/cropped-favicon.jpg\",\"contentUrl\":\"https:\\\/\\\/inesweinbergderoca.com\\\/wp-content\\\/uploads\\\/2021\\\/06\\\/cropped-favicon.jpg\",\"width\":512,\"height\":512,\"caption\":\"Susana2021\"},\"logo\":{\"@id\":\"https:\\\/\\\/inesweinbergderoca.com\\\/wp-content\\\/uploads\\\/2021\\\/06\\\/cropped-favicon.jpg\"},\"sameAs\":[\"https:\\\/\\\/inesweinbergderoca.com\"],\"url\":\"https:\\\/\\\/inesweinbergderoca.com\\\/index.php\\\/author\\\/susana2021\\\/\"}]}<\/script>\n<!-- \/ Yoast SEO plugin. -->","yoast_head_json":{"title":"D\u00eda Internacional de las v\u00edctimas de desapariciones forzadas &#062; In\u00e9s Weinberg de Roca","robots":{"index":"index","follow":"follow","max-snippet":"max-snippet:-1","max-image-preview":"max-image-preview:large","max-video-preview":"max-video-preview:-1"},"canonical":"https:\/\/inesweinbergderoca.com\/index.php\/2021\/05\/05\/dia-internacional-de-las-victimas\/","og_locale":"es_ES","og_type":"article","og_title":"D\u00eda Internacional de las v\u00edctimas de desapariciones forzadas &#062; In\u00e9s Weinberg de Roca","og_description":"Las v\u00edctimas que los poderes p\u00fablicos no deben olvidar Por In\u00e9s M. Weinberg (*) Este 30 de agosto se conmemora una fecha que pone de relieve un flagelo desgraciadamente vigente en el mundo, y que en nuestro pa\u00eds ha dejado heridas profundas sin cicatrizar: es el D\u00eda Internacional de las v\u00edctimas de desapariciones forzadas. Un Continue reading","og_url":"https:\/\/inesweinbergderoca.com\/index.php\/2021\/05\/05\/dia-internacional-de-las-victimas\/","og_site_name":"In\u00e9s Weinberg de Roca","article_published_time":"2021-05-05T04:04:03+00:00","article_modified_time":"2021-05-05T06:17:28+00:00","author":"Susana2021","twitter_card":"summary_large_image","twitter_misc":{"Escrito por":"Susana2021","Tiempo de lectura":"4 minutos"},"schema":{"@context":"https:\/\/schema.org","@graph":[{"@type":"Article","@id":"https:\/\/inesweinbergderoca.com\/index.php\/2021\/05\/05\/dia-internacional-de-las-victimas\/#article","isPartOf":{"@id":"https:\/\/inesweinbergderoca.com\/index.php\/2021\/05\/05\/dia-internacional-de-las-victimas\/"},"author":{"name":"Susana2021","@id":"https:\/\/inesweinbergderoca.com\/#\/schema\/person\/e935f5cfe8b9d91e4e11182ac4455393"},"headline":"D\u00eda Internacional de las v\u00edctimas de desapariciones forzadas","datePublished":"2021-05-05T04:04:03+00:00","dateModified":"2021-05-05T06:17:28+00:00","mainEntityOfPage":{"@id":"https:\/\/inesweinbergderoca.com\/index.php\/2021\/05\/05\/dia-internacional-de-las-victimas\/"},"wordCount":875,"publisher":{"@id":"https:\/\/inesweinbergderoca.com\/#\/schema\/person\/e935f5cfe8b9d91e4e11182ac4455393"},"articleSection":["memoria"],"inLanguage":"es-AR"},{"@type":"WebPage","@id":"https:\/\/inesweinbergderoca.com\/index.php\/2021\/05\/05\/dia-internacional-de-las-victimas\/","url":"https:\/\/inesweinbergderoca.com\/index.php\/2021\/05\/05\/dia-internacional-de-las-victimas\/","name":"D\u00eda Internacional de las v\u00edctimas de desapariciones forzadas &#062; In\u00e9s Weinberg de Roca","isPartOf":{"@id":"https:\/\/inesweinbergderoca.com\/#website"},"datePublished":"2021-05-05T04:04:03+00:00","dateModified":"2021-05-05T06:17:28+00:00","breadcrumb":{"@id":"https:\/\/inesweinbergderoca.com\/index.php\/2021\/05\/05\/dia-internacional-de-las-victimas\/#breadcrumb"},"inLanguage":"es-AR","potentialAction":[{"@type":"ReadAction","target":["https:\/\/inesweinbergderoca.com\/index.php\/2021\/05\/05\/dia-internacional-de-las-victimas\/"]}]},{"@type":"BreadcrumbList","@id":"https:\/\/inesweinbergderoca.com\/index.php\/2021\/05\/05\/dia-internacional-de-las-victimas\/#breadcrumb","itemListElement":[{"@type":"ListItem","position":1,"name":"Inicio","item":"https:\/\/inesweinbergderoca.com\/"},{"@type":"ListItem","position":2,"name":"D\u00eda Internacional de las v\u00edctimas de desapariciones forzadas"}]},{"@type":"WebSite","@id":"https:\/\/inesweinbergderoca.com\/#website","url":"https:\/\/inesweinbergderoca.com\/","name":"Ines Weinberg de Roca Sitio Oficial","description":"","publisher":{"@id":"https:\/\/inesweinbergderoca.com\/#\/schema\/person\/e935f5cfe8b9d91e4e11182ac4455393"},"potentialAction":[{"@type":"SearchAction","target":{"@type":"EntryPoint","urlTemplate":"https:\/\/inesweinbergderoca.com\/?s={search_term_string}"},"query-input":{"@type":"PropertyValueSpecification","valueRequired":true,"valueName":"search_term_string"}}],"inLanguage":"es-AR"},{"@type":["Person","Organization"],"@id":"https:\/\/inesweinbergderoca.com\/#\/schema\/person\/e935f5cfe8b9d91e4e11182ac4455393","name":"Susana2021","image":{"@type":"ImageObject","inLanguage":"es-AR","@id":"https:\/\/inesweinbergderoca.com\/wp-content\/uploads\/2021\/06\/cropped-favicon.jpg","url":"https:\/\/inesweinbergderoca.com\/wp-content\/uploads\/2021\/06\/cropped-favicon.jpg","contentUrl":"https:\/\/inesweinbergderoca.com\/wp-content\/uploads\/2021\/06\/cropped-favicon.jpg","width":512,"height":512,"caption":"Susana2021"},"logo":{"@id":"https:\/\/inesweinbergderoca.com\/wp-content\/uploads\/2021\/06\/cropped-favicon.jpg"},"sameAs":["https:\/\/inesweinbergderoca.com"],"url":"https:\/\/inesweinbergderoca.com\/index.php\/author\/susana2021\/"}]}},"_links":{"self":[{"href":"https:\/\/inesweinbergderoca.com\/index.php\/wp-json\/wp\/v2\/posts\/421","targetHints":{"allow":["GET"]}}],"collection":[{"href":"https:\/\/inesweinbergderoca.com\/index.php\/wp-json\/wp\/v2\/posts"}],"about":[{"href":"https:\/\/inesweinbergderoca.com\/index.php\/wp-json\/wp\/v2\/types\/post"}],"author":[{"embeddable":true,"href":"https:\/\/inesweinbergderoca.com\/index.php\/wp-json\/wp\/v2\/users\/1"}],"replies":[{"embeddable":true,"href":"https:\/\/inesweinbergderoca.com\/index.php\/wp-json\/wp\/v2\/comments?post=421"}],"version-history":[{"count":27,"href":"https:\/\/inesweinbergderoca.com\/index.php\/wp-json\/wp\/v2\/posts\/421\/revisions"}],"predecessor-version":[{"id":570,"href":"https:\/\/inesweinbergderoca.com\/index.php\/wp-json\/wp\/v2\/posts\/421\/revisions\/570"}],"wp:attachment":[{"href":"https:\/\/inesweinbergderoca.com\/index.php\/wp-json\/wp\/v2\/media?parent=421"}],"wp:term":[{"taxonomy":"category","embeddable":true,"href":"https:\/\/inesweinbergderoca.com\/index.php\/wp-json\/wp\/v2\/categories?post=421"},{"taxonomy":"post_tag","embeddable":true,"href":"https:\/\/inesweinbergderoca.com\/index.php\/wp-json\/wp\/v2\/tags?post=421"}],"curies":[{"name":"wp","href":"https:\/\/api.w.org\/{rel}","templated":true}]}}