{"id":2712,"date":"2024-11-02T04:43:58","date_gmt":"2024-11-02T04:43:58","guid":{"rendered":"https:\/\/inesweinbergderoca.com\/?p=2712"},"modified":"2024-11-02T04:50:41","modified_gmt":"2024-11-02T04:50:41","slug":"elementor-2712","status":"publish","type":"post","link":"https:\/\/inesweinbergderoca.com\/index.php\/2024\/11\/02\/elementor-2712\/","title":{"rendered":"La presidente del Tribunal Superior de la Ciudad Aut\u00f3noma de Buenos Aires, In\u00e9s M. Weinberg, expuso en la jornada de capacitaci\u00f3n presencial."},"content":{"rendered":"\t\t<div data-elementor-type=\"wp-post\" data-elementor-id=\"2712\" class=\"elementor elementor-2712\" data-elementor-post-type=\"post\">\n\t\t\t\t\t\t<section class=\"elementor-section elementor-top-section elementor-element elementor-element-b274432 elementor-section-boxed elementor-section-height-default elementor-section-height-default\" data-id=\"b274432\" data-element_type=\"section\" data-e-type=\"section\">\n\t\t\t\t\t\t<div class=\"elementor-container elementor-column-gap-default\">\n\t\t\t\t\t<div class=\"elementor-column elementor-col-100 elementor-top-column elementor-element elementor-element-2ea3231\" data-id=\"2ea3231\" data-element_type=\"column\" data-e-type=\"column\">\n\t\t\t<div class=\"elementor-widget-wrap elementor-element-populated\">\n\t\t\t\t\t\t<div class=\"elementor-element elementor-element-8d0c782 elementor-widget elementor-widget-text-editor\" data-id=\"8d0c782\" data-element_type=\"widget\" data-e-type=\"widget\" data-widget_type=\"text-editor.default\">\n\t\t\t\t<div class=\"elementor-widget-container\">\n\t\t\t\t\t\t\t\t\t<p><\/p>\n<p style=\"text-align: center;\">\u201c\u00bfNuevas vulnerabilidades\u2026o las vulnerabilidades de siempre?, <br \/>convocado por la Asociaci\u00f3n de Mujeres Jueces de Argentina (AMJA), durante el Panel de cierre \u201cMujeres en la Corte\u201d.<\/p>\n<p><\/p>\n<p><\/p>\n<p><\/p>\n<p><\/p>\t\t\t\t\t\t\t\t<\/div>\n\t\t\t\t<\/div>\n\t\t\t\t\t<\/div>\n\t\t<\/div>\n\t\t\t\t\t<\/div>\n\t\t<\/section>\n\t\t\t\t<section class=\"elementor-section elementor-top-section elementor-element elementor-element-a33f665 elementor-section-boxed elementor-section-height-default elementor-section-height-default\" data-id=\"a33f665\" data-element_type=\"section\" data-e-type=\"section\">\n\t\t\t\t\t\t<div class=\"elementor-container elementor-column-gap-default\">\n\t\t\t\t\t<div class=\"elementor-column elementor-col-100 elementor-top-column elementor-element elementor-element-e316228\" data-id=\"e316228\" data-element_type=\"column\" data-e-type=\"column\">\n\t\t\t<div class=\"elementor-widget-wrap elementor-element-populated\">\n\t\t\t\t\t\t<div class=\"elementor-element elementor-element-d4e9512 elementor-align-center elementor-widget elementor-widget-button\" data-id=\"d4e9512\" data-element_type=\"widget\" data-e-type=\"widget\" data-widget_type=\"button.default\">\n\t\t\t\t<div class=\"elementor-widget-container\">\n\t\t\t\t\t\t\t\t\t<div class=\"elementor-button-wrapper\">\n\t\t\t\t\t<a class=\"elementor-button elementor-button-link elementor-size-sm\" href=\"https:\/\/inesweinbergderoca.com\/PDF\/PANEL%20MUJERES%20EN%20LA%20CORTE%20COVOCADO%20POR%20AMIA.pdf\" target=\"_blank\">\n\t\t\t\t\t\t<span class=\"elementor-button-content-wrapper\">\n\t\t\t\t\t\t\t\t\t<span class=\"elementor-button-text\">VER PDF COMPLETO<\/span>\n\t\t\t\t\t<\/span>\n\t\t\t\t\t<\/a>\n\t\t\t\t<\/div>\n\t\t\t\t\t\t\t\t<\/div>\n\t\t\t\t<\/div>\n\t\t\t\t<div class=\"elementor-element elementor-element-85b3816 elementor-widget elementor-widget-text-editor\" data-id=\"85b3816\" data-element_type=\"widget\" data-e-type=\"widget\" data-widget_type=\"text-editor.default\">\n\t\t\t\t<div class=\"elementor-widget-container\">\n\t\t\t\t\t\t\t\t\t<p><\/p><p><\/p><p><\/p><p>Septiembre 2024<\/p><p><\/p>\t\t\t\t\t\t\t\t<\/div>\n\t\t\t\t<\/div>\n\t\t\t\t<div class=\"elementor-element elementor-element-6c6da47 elementor-widget elementor-widget-image\" data-id=\"6c6da47\" data-element_type=\"widget\" data-e-type=\"widget\" data-widget_type=\"image.default\">\n\t\t\t\t<div class=\"elementor-widget-container\">\n\t\t\t\t\t\t\t\t\t\t\t\t\t\t\t<img fetchpriority=\"high\" decoding=\"async\" width=\"642\" height=\"430\" src=\"https:\/\/inesweinbergderoca.com\/wp-content\/uploads\/2024\/11\/Ines-Weinberg-de-Roca.jpg\" class=\"attachment-medium_large size-medium_large wp-image-2714\" alt=\"\" srcset=\"https:\/\/inesweinbergderoca.com\/wp-content\/uploads\/2024\/11\/Ines-Weinberg-de-Roca.jpg 642w, https:\/\/inesweinbergderoca.com\/wp-content\/uploads\/2024\/11\/Ines-Weinberg-de-Roca-300x201.jpg 300w\" sizes=\"(max-width: 642px) 100vw, 642px\" \/>\t\t\t\t\t\t\t\t\t\t\t\t\t\t\t<\/div>\n\t\t\t\t<\/div>\n\t\t\t\t<div class=\"elementor-element elementor-element-d80b2a6 elementor-post-navigation-borders-yes elementor-widget elementor-widget-post-navigation\" data-id=\"d80b2a6\" data-element_type=\"widget\" data-e-type=\"widget\" data-widget_type=\"post-navigation.default\">\n\t\t\t\t<div class=\"elementor-widget-container\">\n\t\t\t\t\t\t\t<div class=\"elementor-post-navigation\" role=\"navigation\" aria-label=\"Post Navigation\">\n\t\t\t<div class=\"elementor-post-navigation__prev elementor-post-navigation__link\">\n\t\t\t\t<a href=\"https:\/\/inesweinbergderoca.com\/index.php\/2024\/10\/03\/la-dra-ines-weinberg-abre-la-jornada-sobre-el-rol-de-la-mujer-en-la-integracion-regional\/\" rel=\"prev\"><span class=\"post-navigation__arrow-wrapper post-navigation__arrow-prev\"><i aria-hidden=\"true\" class=\"fas fa-angle-left\"><\/i><span class=\"elementor-screen-only\">Prev<\/span><\/span><span class=\"elementor-post-navigation__link__prev\"><span class=\"post-navigation__prev--label\">ANTERIOR<\/span><span class=\"post-navigation__prev--title\">La Dra. In\u00e9s Weinberg abre la jornada sobre el Rol de la Mujer en la Integraci\u00f3n Regional<\/span><\/span><\/a>\t\t\t<\/div>\n\t\t\t\t\t\t\t<div class=\"elementor-post-navigation__separator-wrapper\">\n\t\t\t\t\t<div class=\"elementor-post-navigation__separator\"><\/div>\n\t\t\t\t<\/div>\n\t\t\t\t\t\t<div class=\"elementor-post-navigation__next elementor-post-navigation__link\">\n\t\t\t\t<a href=\"https:\/\/inesweinbergderoca.com\/index.php\/2026\/03\/26\/intervencion-presidente-tsj-caba-ines-weinberg-evento-uba-mujer-justicia-y-autonomia\/\" rel=\"next\"><span class=\"elementor-post-navigation__link__next\"><span class=\"post-navigation__next--label\">POSTERIOR<\/span><span class=\"post-navigation__next--title\">Intervenci\u00f3n\u00a0de la\u00a0Presidente\u00a0del\u00a0TSJ\u00a0de la\u00a0CABA.\u00a0Ines Weinberg, en el evento \u201cMujer, justicia y autonom\u00eda\u201d\u00a0de la UBA\u00a0<\/span><\/span><span class=\"post-navigation__arrow-wrapper post-navigation__arrow-next\"><i aria-hidden=\"true\" class=\"fas fa-angle-right\"><\/i><span class=\"elementor-screen-only\">Next<\/span><\/span><\/a>\t\t\t<\/div>\n\t\t<\/div>\n\t\t\t\t\t\t<\/div>\n\t\t\t\t<\/div>\n\t\t\t\t\t<\/div>\n\t\t<\/div>\n\t\t\t\t\t<\/div>\n\t\t<\/section>\n\t\t\t\t<\/div>\n\t\t","protected":false},"excerpt":{"rendered":"<p>\u201c\u00bfNuevas vulnerabilidades\u2026o las vulnerabilidades de siempre?, convocado por la Asociaci\u00f3n de Mujeres Jueces de Argentina (AMJA), durante el Panel de cierre \u201cMujeres en la Corte\u201d. VER PDF COMPLETO Septiembre 2024<\/p>\n","protected":false},"author":1,"featured_media":0,"comment_status":"open","ping_status":"open","sticky":false,"template":"elementor_header_footer","format":"standard","meta":{"_monsterinsights_skip_tracking":false,"_monsterinsights_sitenote_active":false,"_monsterinsights_sitenote_note":"","_monsterinsights_sitenote_category":0,"footnotes":""},"categories":[11],"tags":[],"class_list":["post-2712","post","type-post","status-publish","format-standard","hentry","category-feminismo"],"yoast_head":"<!-- This site is optimized with the Yoast SEO plugin v27.5 - https:\/\/yoast.com\/product\/yoast-seo-wordpress\/ -->\n<title>La presidente del Tribunal Superior de la Ciudad Aut\u00f3noma de Buenos Aires, In\u00e9s M. Weinberg, expuso en la jornada de capacitaci\u00f3n presencial. &#062; In\u00e9s Weinberg de Roca<\/title>\n<meta name=\"robots\" content=\"index, follow, max-snippet:-1, max-image-preview:large, max-video-preview:-1\" \/>\n<link rel=\"canonical\" href=\"https:\/\/inesweinbergderoca.com\/index.php\/2024\/11\/02\/elementor-2712\/\" \/>\n<meta property=\"og:locale\" content=\"es_ES\" \/>\n<meta property=\"og:type\" content=\"article\" \/>\n<meta property=\"og:title\" content=\"La presidente del Tribunal Superior de la Ciudad Aut\u00f3noma de Buenos Aires, In\u00e9s M. Weinberg, expuso en la jornada de capacitaci\u00f3n presencial. &#062; In\u00e9s Weinberg de Roca\" \/>\n<meta property=\"og:description\" content=\"\u201c\u00bfNuevas vulnerabilidades\u2026o las vulnerabilidades de siempre?, convocado por la Asociaci\u00f3n de Mujeres Jueces de Argentina (AMJA), durante el Panel de cierre \u201cMujeres en la Corte\u201d. VER PDF COMPLETO Septiembre 2024\" \/>\n<meta property=\"og:url\" content=\"https:\/\/inesweinbergderoca.com\/index.php\/2024\/11\/02\/elementor-2712\/\" \/>\n<meta property=\"og:site_name\" content=\"In\u00e9s Weinberg de Roca\" \/>\n<meta property=\"article:published_time\" content=\"2024-11-02T04:43:58+00:00\" \/>\n<meta property=\"article:modified_time\" content=\"2024-11-02T04:50:41+00:00\" \/>\n<meta property=\"og:image\" content=\"https:\/\/inesweinbergderoca.com\/wp-content\/uploads\/2024\/11\/Ines-Weinberg-de-Roca.jpg\" \/>\n\t<meta property=\"og:image:width\" content=\"642\" \/>\n\t<meta property=\"og:image:height\" content=\"430\" \/>\n\t<meta property=\"og:image:type\" content=\"image\/jpeg\" \/>\n<meta name=\"author\" content=\"Susana2021\" \/>\n<meta name=\"twitter:card\" content=\"summary_large_image\" \/>\n<meta name=\"twitter:label1\" content=\"Escrito por\" \/>\n\t<meta name=\"twitter:data1\" content=\"Susana2021\" \/>\n<script type=\"application\/ld+json\" class=\"yoast-schema-graph\">{\"@context\":\"https:\\\/\\\/schema.org\",\"@graph\":[{\"@type\":\"Article\",\"@id\":\"https:\\\/\\\/inesweinbergderoca.com\\\/index.php\\\/2024\\\/11\\\/02\\\/elementor-2712\\\/#article\",\"isPartOf\":{\"@id\":\"https:\\\/\\\/inesweinbergderoca.com\\\/index.php\\\/2024\\\/11\\\/02\\\/elementor-2712\\\/\"},\"author\":{\"name\":\"Susana2021\",\"@id\":\"https:\\\/\\\/inesweinbergderoca.com\\\/#\\\/schema\\\/person\\\/e935f5cfe8b9d91e4e11182ac4455393\"},\"headline\":\"La presidente del Tribunal Superior de la Ciudad Aut\u00f3noma de Buenos Aires, In\u00e9s M. Weinberg, expuso en la jornada de capacitaci\u00f3n presencial.\",\"datePublished\":\"2024-11-02T04:43:58+00:00\",\"dateModified\":\"2024-11-02T04:50:41+00:00\",\"mainEntityOfPage\":{\"@id\":\"https:\\\/\\\/inesweinbergderoca.com\\\/index.php\\\/2024\\\/11\\\/02\\\/elementor-2712\\\/\"},\"wordCount\":56,\"commentCount\":0,\"publisher\":{\"@id\":\"https:\\\/\\\/inesweinbergderoca.com\\\/#\\\/schema\\\/person\\\/e935f5cfe8b9d91e4e11182ac4455393\"},\"image\":{\"@id\":\"https:\\\/\\\/inesweinbergderoca.com\\\/index.php\\\/2024\\\/11\\\/02\\\/elementor-2712\\\/#primaryimage\"},\"thumbnailUrl\":\"https:\\\/\\\/inesweinbergderoca.com\\\/wp-content\\\/uploads\\\/2024\\\/11\\\/Ines-Weinberg-de-Roca.jpg\",\"articleSection\":[\"feminismo\"],\"inLanguage\":\"es-AR\",\"potentialAction\":[{\"@type\":\"CommentAction\",\"name\":\"Comment\",\"target\":[\"https:\\\/\\\/inesweinbergderoca.com\\\/index.php\\\/2024\\\/11\\\/02\\\/elementor-2712\\\/#respond\"]}]},{\"@type\":\"WebPage\",\"@id\":\"https:\\\/\\\/inesweinbergderoca.com\\\/index.php\\\/2024\\\/11\\\/02\\\/elementor-2712\\\/\",\"url\":\"https:\\\/\\\/inesweinbergderoca.com\\\/index.php\\\/2024\\\/11\\\/02\\\/elementor-2712\\\/\",\"name\":\"La presidente del Tribunal Superior de la Ciudad Aut\u00f3noma de Buenos Aires, In\u00e9s M. Weinberg, expuso en la jornada de capacitaci\u00f3n presencial. &#062; In\u00e9s Weinberg de Roca\",\"isPartOf\":{\"@id\":\"https:\\\/\\\/inesweinbergderoca.com\\\/#website\"},\"primaryImageOfPage\":{\"@id\":\"https:\\\/\\\/inesweinbergderoca.com\\\/index.php\\\/2024\\\/11\\\/02\\\/elementor-2712\\\/#primaryimage\"},\"image\":{\"@id\":\"https:\\\/\\\/inesweinbergderoca.com\\\/index.php\\\/2024\\\/11\\\/02\\\/elementor-2712\\\/#primaryimage\"},\"thumbnailUrl\":\"https:\\\/\\\/inesweinbergderoca.com\\\/wp-content\\\/uploads\\\/2024\\\/11\\\/Ines-Weinberg-de-Roca.jpg\",\"datePublished\":\"2024-11-02T04:43:58+00:00\",\"dateModified\":\"2024-11-02T04:50:41+00:00\",\"breadcrumb\":{\"@id\":\"https:\\\/\\\/inesweinbergderoca.com\\\/index.php\\\/2024\\\/11\\\/02\\\/elementor-2712\\\/#breadcrumb\"},\"inLanguage\":\"es-AR\",\"potentialAction\":[{\"@type\":\"ReadAction\",\"target\":[\"https:\\\/\\\/inesweinbergderoca.com\\\/index.php\\\/2024\\\/11\\\/02\\\/elementor-2712\\\/\"]}]},{\"@type\":\"ImageObject\",\"inLanguage\":\"es-AR\",\"@id\":\"https:\\\/\\\/inesweinbergderoca.com\\\/index.php\\\/2024\\\/11\\\/02\\\/elementor-2712\\\/#primaryimage\",\"url\":\"https:\\\/\\\/inesweinbergderoca.com\\\/wp-content\\\/uploads\\\/2024\\\/11\\\/Ines-Weinberg-de-Roca.jpg\",\"contentUrl\":\"https:\\\/\\\/inesweinbergderoca.com\\\/wp-content\\\/uploads\\\/2024\\\/11\\\/Ines-Weinberg-de-Roca.jpg\",\"width\":642,\"height\":430},{\"@type\":\"BreadcrumbList\",\"@id\":\"https:\\\/\\\/inesweinbergderoca.com\\\/index.php\\\/2024\\\/11\\\/02\\\/elementor-2712\\\/#breadcrumb\",\"itemListElement\":[{\"@type\":\"ListItem\",\"position\":1,\"name\":\"Inicio\",\"item\":\"https:\\\/\\\/inesweinbergderoca.com\\\/\"},{\"@type\":\"ListItem\",\"position\":2,\"name\":\"La presidente del Tribunal Superior de la Ciudad Aut\u00f3noma de Buenos Aires, In\u00e9s M. Weinberg, expuso en la jornada de capacitaci\u00f3n presencial.\"}]},{\"@type\":\"WebSite\",\"@id\":\"https:\\\/\\\/inesweinbergderoca.com\\\/#website\",\"url\":\"https:\\\/\\\/inesweinbergderoca.com\\\/\",\"name\":\"Ines Weinberg de Roca Sitio Oficial\",\"description\":\"\",\"publisher\":{\"@id\":\"https:\\\/\\\/inesweinbergderoca.com\\\/#\\\/schema\\\/person\\\/e935f5cfe8b9d91e4e11182ac4455393\"},\"potentialAction\":[{\"@type\":\"SearchAction\",\"target\":{\"@type\":\"EntryPoint\",\"urlTemplate\":\"https:\\\/\\\/inesweinbergderoca.com\\\/?s={search_term_string}\"},\"query-input\":{\"@type\":\"PropertyValueSpecification\",\"valueRequired\":true,\"valueName\":\"search_term_string\"}}],\"inLanguage\":\"es-AR\"},{\"@type\":[\"Person\",\"Organization\"],\"@id\":\"https:\\\/\\\/inesweinbergderoca.com\\\/#\\\/schema\\\/person\\\/e935f5cfe8b9d91e4e11182ac4455393\",\"name\":\"Susana2021\",\"image\":{\"@type\":\"ImageObject\",\"inLanguage\":\"es-AR\",\"@id\":\"https:\\\/\\\/inesweinbergderoca.com\\\/wp-content\\\/uploads\\\/2021\\\/06\\\/cropped-favicon.jpg\",\"url\":\"https:\\\/\\\/inesweinbergderoca.com\\\/wp-content\\\/uploads\\\/2021\\\/06\\\/cropped-favicon.jpg\",\"contentUrl\":\"https:\\\/\\\/inesweinbergderoca.com\\\/wp-content\\\/uploads\\\/2021\\\/06\\\/cropped-favicon.jpg\",\"width\":512,\"height\":512,\"caption\":\"Susana2021\"},\"logo\":{\"@id\":\"https:\\\/\\\/inesweinbergderoca.com\\\/wp-content\\\/uploads\\\/2021\\\/06\\\/cropped-favicon.jpg\"},\"sameAs\":[\"https:\\\/\\\/inesweinbergderoca.com\"],\"url\":\"https:\\\/\\\/inesweinbergderoca.com\\\/index.php\\\/author\\\/susana2021\\\/\"}]}<\/script>\n<!-- \/ Yoast SEO plugin. -->","yoast_head_json":{"title":"La presidente del Tribunal Superior de la Ciudad Aut\u00f3noma de Buenos Aires, In\u00e9s M. Weinberg, expuso en la jornada de capacitaci\u00f3n presencial. &#062; In\u00e9s Weinberg de Roca","robots":{"index":"index","follow":"follow","max-snippet":"max-snippet:-1","max-image-preview":"max-image-preview:large","max-video-preview":"max-video-preview:-1"},"canonical":"https:\/\/inesweinbergderoca.com\/index.php\/2024\/11\/02\/elementor-2712\/","og_locale":"es_ES","og_type":"article","og_title":"La presidente del Tribunal Superior de la Ciudad Aut\u00f3noma de Buenos Aires, In\u00e9s M. Weinberg, expuso en la jornada de capacitaci\u00f3n presencial. &#062; In\u00e9s Weinberg de Roca","og_description":"\u201c\u00bfNuevas vulnerabilidades\u2026o las vulnerabilidades de siempre?, convocado por la Asociaci\u00f3n de Mujeres Jueces de Argentina (AMJA), durante el Panel de cierre \u201cMujeres en la Corte\u201d. VER PDF COMPLETO Septiembre 2024","og_url":"https:\/\/inesweinbergderoca.com\/index.php\/2024\/11\/02\/elementor-2712\/","og_site_name":"In\u00e9s Weinberg de Roca","article_published_time":"2024-11-02T04:43:58+00:00","article_modified_time":"2024-11-02T04:50:41+00:00","og_image":[{"width":642,"height":430,"url":"https:\/\/inesweinbergderoca.com\/wp-content\/uploads\/2024\/11\/Ines-Weinberg-de-Roca.jpg","type":"image\/jpeg"}],"author":"Susana2021","twitter_card":"summary_large_image","twitter_misc":{"Escrito por":"Susana2021"},"schema":{"@context":"https:\/\/schema.org","@graph":[{"@type":"Article","@id":"https:\/\/inesweinbergderoca.com\/index.php\/2024\/11\/02\/elementor-2712\/#article","isPartOf":{"@id":"https:\/\/inesweinbergderoca.com\/index.php\/2024\/11\/02\/elementor-2712\/"},"author":{"name":"Susana2021","@id":"https:\/\/inesweinbergderoca.com\/#\/schema\/person\/e935f5cfe8b9d91e4e11182ac4455393"},"headline":"La presidente del Tribunal Superior de la Ciudad Aut\u00f3noma de Buenos Aires, In\u00e9s M. Weinberg, expuso en la jornada de capacitaci\u00f3n presencial.","datePublished":"2024-11-02T04:43:58+00:00","dateModified":"2024-11-02T04:50:41+00:00","mainEntityOfPage":{"@id":"https:\/\/inesweinbergderoca.com\/index.php\/2024\/11\/02\/elementor-2712\/"},"wordCount":56,"commentCount":0,"publisher":{"@id":"https:\/\/inesweinbergderoca.com\/#\/schema\/person\/e935f5cfe8b9d91e4e11182ac4455393"},"image":{"@id":"https:\/\/inesweinbergderoca.com\/index.php\/2024\/11\/02\/elementor-2712\/#primaryimage"},"thumbnailUrl":"https:\/\/inesweinbergderoca.com\/wp-content\/uploads\/2024\/11\/Ines-Weinberg-de-Roca.jpg","articleSection":["feminismo"],"inLanguage":"es-AR","potentialAction":[{"@type":"CommentAction","name":"Comment","target":["https:\/\/inesweinbergderoca.com\/index.php\/2024\/11\/02\/elementor-2712\/#respond"]}]},{"@type":"WebPage","@id":"https:\/\/inesweinbergderoca.com\/index.php\/2024\/11\/02\/elementor-2712\/","url":"https:\/\/inesweinbergderoca.com\/index.php\/2024\/11\/02\/elementor-2712\/","name":"La presidente del Tribunal Superior de la Ciudad Aut\u00f3noma de Buenos Aires, In\u00e9s M. Weinberg, expuso en la jornada de capacitaci\u00f3n presencial. &#062; In\u00e9s Weinberg de Roca","isPartOf":{"@id":"https:\/\/inesweinbergderoca.com\/#website"},"primaryImageOfPage":{"@id":"https:\/\/inesweinbergderoca.com\/index.php\/2024\/11\/02\/elementor-2712\/#primaryimage"},"image":{"@id":"https:\/\/inesweinbergderoca.com\/index.php\/2024\/11\/02\/elementor-2712\/#primaryimage"},"thumbnailUrl":"https:\/\/inesweinbergderoca.com\/wp-content\/uploads\/2024\/11\/Ines-Weinberg-de-Roca.jpg","datePublished":"2024-11-02T04:43:58+00:00","dateModified":"2024-11-02T04:50:41+00:00","breadcrumb":{"@id":"https:\/\/inesweinbergderoca.com\/index.php\/2024\/11\/02\/elementor-2712\/#breadcrumb"},"inLanguage":"es-AR","potentialAction":[{"@type":"ReadAction","target":["https:\/\/inesweinbergderoca.com\/index.php\/2024\/11\/02\/elementor-2712\/"]}]},{"@type":"ImageObject","inLanguage":"es-AR","@id":"https:\/\/inesweinbergderoca.com\/index.php\/2024\/11\/02\/elementor-2712\/#primaryimage","url":"https:\/\/inesweinbergderoca.com\/wp-content\/uploads\/2024\/11\/Ines-Weinberg-de-Roca.jpg","contentUrl":"https:\/\/inesweinbergderoca.com\/wp-content\/uploads\/2024\/11\/Ines-Weinberg-de-Roca.jpg","width":642,"height":430},{"@type":"BreadcrumbList","@id":"https:\/\/inesweinbergderoca.com\/index.php\/2024\/11\/02\/elementor-2712\/#breadcrumb","itemListElement":[{"@type":"ListItem","position":1,"name":"Inicio","item":"https:\/\/inesweinbergderoca.com\/"},{"@type":"ListItem","position":2,"name":"La presidente del Tribunal Superior de la Ciudad Aut\u00f3noma de Buenos Aires, In\u00e9s M. Weinberg, expuso en la jornada de capacitaci\u00f3n presencial."}]},{"@type":"WebSite","@id":"https:\/\/inesweinbergderoca.com\/#website","url":"https:\/\/inesweinbergderoca.com\/","name":"Ines Weinberg de Roca Sitio Oficial","description":"","publisher":{"@id":"https:\/\/inesweinbergderoca.com\/#\/schema\/person\/e935f5cfe8b9d91e4e11182ac4455393"},"potentialAction":[{"@type":"SearchAction","target":{"@type":"EntryPoint","urlTemplate":"https:\/\/inesweinbergderoca.com\/?s={search_term_string}"},"query-input":{"@type":"PropertyValueSpecification","valueRequired":true,"valueName":"search_term_string"}}],"inLanguage":"es-AR"},{"@type":["Person","Organization"],"@id":"https:\/\/inesweinbergderoca.com\/#\/schema\/person\/e935f5cfe8b9d91e4e11182ac4455393","name":"Susana2021","image":{"@type":"ImageObject","inLanguage":"es-AR","@id":"https:\/\/inesweinbergderoca.com\/wp-content\/uploads\/2021\/06\/cropped-favicon.jpg","url":"https:\/\/inesweinbergderoca.com\/wp-content\/uploads\/2021\/06\/cropped-favicon.jpg","contentUrl":"https:\/\/inesweinbergderoca.com\/wp-content\/uploads\/2021\/06\/cropped-favicon.jpg","width":512,"height":512,"caption":"Susana2021"},"logo":{"@id":"https:\/\/inesweinbergderoca.com\/wp-content\/uploads\/2021\/06\/cropped-favicon.jpg"},"sameAs":["https:\/\/inesweinbergderoca.com"],"url":"https:\/\/inesweinbergderoca.com\/index.php\/author\/susana2021\/"}]}},"_links":{"self":[{"href":"https:\/\/inesweinbergderoca.com\/index.php\/wp-json\/wp\/v2\/posts\/2712","targetHints":{"allow":["GET"]}}],"collection":[{"href":"https:\/\/inesweinbergderoca.com\/index.php\/wp-json\/wp\/v2\/posts"}],"about":[{"href":"https:\/\/inesweinbergderoca.com\/index.php\/wp-json\/wp\/v2\/types\/post"}],"author":[{"embeddable":true,"href":"https:\/\/inesweinbergderoca.com\/index.php\/wp-json\/wp\/v2\/users\/1"}],"replies":[{"embeddable":true,"href":"https:\/\/inesweinbergderoca.com\/index.php\/wp-json\/wp\/v2\/comments?post=2712"}],"version-history":[{"count":9,"href":"https:\/\/inesweinbergderoca.com\/index.php\/wp-json\/wp\/v2\/posts\/2712\/revisions"}],"predecessor-version":[{"id":2722,"href":"https:\/\/inesweinbergderoca.com\/index.php\/wp-json\/wp\/v2\/posts\/2712\/revisions\/2722"}],"wp:attachment":[{"href":"https:\/\/inesweinbergderoca.com\/index.php\/wp-json\/wp\/v2\/media?parent=2712"}],"wp:term":[{"taxonomy":"category","embeddable":true,"href":"https:\/\/inesweinbergderoca.com\/index.php\/wp-json\/wp\/v2\/categories?post=2712"},{"taxonomy":"post_tag","embeddable":true,"href":"https:\/\/inesweinbergderoca.com\/index.php\/wp-json\/wp\/v2\/tags?post=2712"}],"curies":[{"name":"wp","href":"https:\/\/api.w.org\/{rel}","templated":true}]}}