{"id":2697,"date":"2024-10-03T00:12:49","date_gmt":"2024-10-03T00:12:49","guid":{"rendered":"https:\/\/inesweinbergderoca.com\/?p=2697"},"modified":"2024-10-03T00:18:08","modified_gmt":"2024-10-03T00:18:08","slug":"la-dra-ines-weinberg-abre-la-jornada-sobre-el-rol-de-la-mujer-en-la-integracion-regional","status":"publish","type":"post","link":"https:\/\/inesweinbergderoca.com\/index.php\/2024\/10\/03\/la-dra-ines-weinberg-abre-la-jornada-sobre-el-rol-de-la-mujer-en-la-integracion-regional\/","title":{"rendered":"La Dra. In\u00e9s Weinberg abre la jornada sobre el Rol de la Mujer en la Integraci\u00f3n Regional"},"content":{"rendered":"\t\t<div data-elementor-type=\"wp-post\" data-elementor-id=\"2697\" class=\"elementor elementor-2697\" data-elementor-post-type=\"post\">\n\t\t\t\t\t\t<section class=\"elementor-section elementor-top-section elementor-element elementor-element-2602ad40 elementor-section-boxed elementor-section-height-default elementor-section-height-default\" data-id=\"2602ad40\" data-element_type=\"section\" data-e-type=\"section\">\n\t\t\t\t\t\t<div class=\"elementor-container elementor-column-gap-default\">\n\t\t\t\t\t<div class=\"elementor-column elementor-col-100 elementor-top-column elementor-element elementor-element-57562b7f\" data-id=\"57562b7f\" data-element_type=\"column\" data-e-type=\"column\">\n\t\t\t<div class=\"elementor-widget-wrap elementor-element-populated\">\n\t\t\t\t\t\t<div class=\"elementor-element elementor-element-4e5afbc3 elementor-widget elementor-widget-text-editor\" data-id=\"4e5afbc3\" data-element_type=\"widget\" data-e-type=\"widget\" data-widget_type=\"text-editor.default\">\n\t\t\t\t<div class=\"elementor-widget-container\">\n\t\t\t\t\t\t\t\t\t<p><\/p><p>La presidenta del Tribunal Superior de Justicia de la Ciudad de Buenos Aires, jueza In\u00e9s M. Weinberg, abri\u00f3 la conferencia inaugural de la reuni\u00f3n anual de la <a href=\"https:\/\/adei.com.ar\/\">Asociaci\u00f3n de Estudios de Integraci\u00f3n<\/a> donde subray\u00f3 la importancia de fortalecer la presencia femenina en espacios de toma de decisi\u00f3n. El evento, titulado \u201cEl rol de la mujer en los procesos de Integraci\u00f3n Regional, Derecho e Institucional\u201d, se centr\u00f3 en las oportunidades y desaf\u00edos para la participaci\u00f3n femenina en el \u00e1mbito nacional y regional. Se destac\u00f3 el avance sostenido de las mujeres en la justicia, la pol\u00edtica y el empresariado, especialmente en el Mercosur.<\/p><p><\/p><p><\/p><p><\/p><p><\/p>\t\t\t\t\t\t\t\t<\/div>\n\t\t\t\t<\/div>\n\t\t\t\t\t<\/div>\n\t\t<\/div>\n\t\t\t\t\t<\/div>\n\t\t<\/section>\n\t\t\t\t<section class=\"elementor-section elementor-top-section elementor-element elementor-element-4691ed1d elementor-section-boxed elementor-section-height-default elementor-section-height-default\" data-id=\"4691ed1d\" data-element_type=\"section\" data-e-type=\"section\">\n\t\t\t\t\t\t<div class=\"elementor-container elementor-column-gap-default\">\n\t\t\t\t\t<div class=\"elementor-column elementor-col-100 elementor-top-column elementor-element elementor-element-7828f04b\" data-id=\"7828f04b\" data-element_type=\"column\" data-e-type=\"column\">\n\t\t\t<div class=\"elementor-widget-wrap elementor-element-populated\">\n\t\t\t\t\t\t<div class=\"elementor-element elementor-element-d3ba864 elementor-align-center elementor-widget elementor-widget-button\" data-id=\"d3ba864\" data-element_type=\"widget\" data-e-type=\"widget\" data-widget_type=\"button.default\">\n\t\t\t\t<div class=\"elementor-widget-container\">\n\t\t\t\t\t\t\t\t\t<div class=\"elementor-button-wrapper\">\n\t\t\t\t\t<a class=\"elementor-button elementor-button-link elementor-size-sm\" href=\"https:\/\/inesweinbergderoca.com\/PDF\/PONENCIA%20DE%20LA%20JUEZA%20INES%20WEINBERG%20DE%20ROCA%20ANTE%20LA%20ASOCIACION%20DE%20ESTUDIOS%20DE%20INTEGRACION%202024.pdf\" target=\"_blank\">\n\t\t\t\t\t\t<span class=\"elementor-button-content-wrapper\">\n\t\t\t\t\t\t\t\t\t<span class=\"elementor-button-text\">VER PDF COMPLETO<\/span>\n\t\t\t\t\t<\/span>\n\t\t\t\t\t<\/a>\n\t\t\t\t<\/div>\n\t\t\t\t\t\t\t\t<\/div>\n\t\t\t\t<\/div>\n\t\t\t\t<div class=\"elementor-element elementor-element-22b27942 elementor-widget elementor-widget-text-editor\" data-id=\"22b27942\" data-element_type=\"widget\" data-e-type=\"widget\" data-widget_type=\"text-editor.default\">\n\t\t\t\t<div class=\"elementor-widget-container\">\n\t\t\t\t\t\t\t\t\t<p><\/p><p><\/p><p><\/p><p>Septiembre 2024<\/p><p><\/p>\t\t\t\t\t\t\t\t<\/div>\n\t\t\t\t<\/div>\n\t\t\t\t<div class=\"elementor-element elementor-element-77faab6 elementor-widget elementor-widget-image\" data-id=\"77faab6\" data-element_type=\"widget\" data-e-type=\"widget\" data-widget_type=\"image.default\">\n\t\t\t\t<div class=\"elementor-widget-container\">\n\t\t\t\t\t\t\t\t\t\t\t\t\t\t\t<img fetchpriority=\"high\" decoding=\"async\" width=\"730\" height=\"486\" src=\"https:\/\/inesweinbergderoca.com\/wp-content\/uploads\/2024\/10\/WhatsApp-Image-2024-10-02-at-16.19.47-768x511.jpeg\" class=\"attachment-medium_large size-medium_large wp-image-2701\" alt=\"\" srcset=\"https:\/\/inesweinbergderoca.com\/wp-content\/uploads\/2024\/10\/WhatsApp-Image-2024-10-02-at-16.19.47-768x511.jpeg 768w, https:\/\/inesweinbergderoca.com\/wp-content\/uploads\/2024\/10\/WhatsApp-Image-2024-10-02-at-16.19.47-300x200.jpeg 300w, https:\/\/inesweinbergderoca.com\/wp-content\/uploads\/2024\/10\/WhatsApp-Image-2024-10-02-at-16.19.47-1024x682.jpeg 1024w, https:\/\/inesweinbergderoca.com\/wp-content\/uploads\/2024\/10\/WhatsApp-Image-2024-10-02-at-16.19.47.jpeg 1131w\" sizes=\"(max-width: 730px) 100vw, 730px\" \/>\t\t\t\t\t\t\t\t\t\t\t\t\t\t\t<\/div>\n\t\t\t\t<\/div>\n\t\t\t\t<div class=\"elementor-element elementor-element-354eceb elementor-post-navigation-borders-yes elementor-widget elementor-widget-post-navigation\" data-id=\"354eceb\" data-element_type=\"widget\" data-e-type=\"widget\" data-widget_type=\"post-navigation.default\">\n\t\t\t\t<div class=\"elementor-widget-container\">\n\t\t\t\t\t\t\t<div class=\"elementor-post-navigation\" role=\"navigation\" aria-label=\"Post Navigation\">\n\t\t\t<div class=\"elementor-post-navigation__prev elementor-post-navigation__link\">\n\t\t\t\t<a href=\"https:\/\/inesweinbergderoca.com\/index.php\/2024\/07\/16\/mujeres-a-las-cosas\/\" rel=\"prev\"><span class=\"post-navigation__arrow-wrapper post-navigation__arrow-prev\"><i aria-hidden=\"true\" class=\"fas fa-angle-left\"><\/i><span class=\"elementor-screen-only\">Prev<\/span><\/span><span class=\"elementor-post-navigation__link__prev\"><span class=\"post-navigation__prev--label\">ANTERIOR<\/span><span class=\"post-navigation__prev--title\">Mujeres, a las cosas<\/span><\/span><\/a>\t\t\t<\/div>\n\t\t\t\t\t\t\t<div class=\"elementor-post-navigation__separator-wrapper\">\n\t\t\t\t\t<div class=\"elementor-post-navigation__separator\"><\/div>\n\t\t\t\t<\/div>\n\t\t\t\t\t\t<div class=\"elementor-post-navigation__next elementor-post-navigation__link\">\n\t\t\t\t<a href=\"https:\/\/inesweinbergderoca.com\/index.php\/2024\/11\/02\/elementor-2712\/\" rel=\"next\"><span class=\"elementor-post-navigation__link__next\"><span class=\"post-navigation__next--label\">POSTERIOR<\/span><span class=\"post-navigation__next--title\">La presidente del Tribunal Superior de la Ciudad Aut\u00f3noma de Buenos Aires, In\u00e9s M. Weinberg, expuso en la jornada de capacitaci\u00f3n presencial.<\/span><\/span><span class=\"post-navigation__arrow-wrapper post-navigation__arrow-next\"><i aria-hidden=\"true\" class=\"fas fa-angle-right\"><\/i><span class=\"elementor-screen-only\">Next<\/span><\/span><\/a>\t\t\t<\/div>\n\t\t<\/div>\n\t\t\t\t\t\t<\/div>\n\t\t\t\t<\/div>\n\t\t\t\t\t<\/div>\n\t\t<\/div>\n\t\t\t\t\t<\/div>\n\t\t<\/section>\n\t\t\t\t<\/div>\n\t\t","protected":false},"excerpt":{"rendered":"<p>La presidenta del Tribunal Superior de Justicia de la Ciudad de Buenos Aires, jueza In\u00e9s M. Weinberg, abri\u00f3 la conferencia inaugural de la reuni\u00f3n anual de la Asociaci\u00f3n de Estudios de Integraci\u00f3n donde subray\u00f3 la importancia de fortalecer la presencia femenina en espacios de toma de decisi\u00f3n. El evento, titulado \u201cEl rol de la mujer <a class=\"more-link\" href=\"https:\/\/inesweinbergderoca.com\/index.php\/2024\/10\/03\/la-dra-ines-weinberg-abre-la-jornada-sobre-el-rol-de-la-mujer-en-la-integracion-regional\/\">Continue reading <i class=\"fa fa-chevron-right\"><\/i><\/a><\/p>\n","protected":false},"author":1,"featured_media":0,"comment_status":"open","ping_status":"open","sticky":false,"template":"elementor_header_footer","format":"standard","meta":{"_monsterinsights_skip_tracking":false,"_monsterinsights_sitenote_active":false,"_monsterinsights_sitenote_note":"","_monsterinsights_sitenote_category":0,"footnotes":""},"categories":[11],"tags":[],"class_list":["post-2697","post","type-post","status-publish","format-standard","hentry","category-feminismo"],"yoast_head":"<!-- This site is optimized with the Yoast SEO plugin v27.5 - https:\/\/yoast.com\/product\/yoast-seo-wordpress\/ -->\n<title>La Dra. In\u00e9s Weinberg abre la jornada sobre el Rol de la Mujer en la Integraci\u00f3n Regional &#062; In\u00e9s Weinberg de Roca<\/title>\n<meta name=\"robots\" content=\"index, follow, max-snippet:-1, max-image-preview:large, max-video-preview:-1\" \/>\n<link rel=\"canonical\" href=\"https:\/\/inesweinbergderoca.com\/index.php\/2024\/10\/03\/la-dra-ines-weinberg-abre-la-jornada-sobre-el-rol-de-la-mujer-en-la-integracion-regional\/\" \/>\n<meta property=\"og:locale\" content=\"es_ES\" \/>\n<meta property=\"og:type\" content=\"article\" \/>\n<meta property=\"og:title\" content=\"La Dra. In\u00e9s Weinberg abre la jornada sobre el Rol de la Mujer en la Integraci\u00f3n Regional &#062; In\u00e9s Weinberg de Roca\" \/>\n<meta property=\"og:description\" content=\"La presidenta del Tribunal Superior de Justicia de la Ciudad de Buenos Aires, jueza In\u00e9s M. Weinberg, abri\u00f3 la conferencia inaugural de la reuni\u00f3n anual de la Asociaci\u00f3n de Estudios de Integraci\u00f3n donde subray\u00f3 la importancia de fortalecer la presencia femenina en espacios de toma de decisi\u00f3n. El evento, titulado \u201cEl rol de la mujer Continue reading\" \/>\n<meta property=\"og:url\" content=\"https:\/\/inesweinbergderoca.com\/index.php\/2024\/10\/03\/la-dra-ines-weinberg-abre-la-jornada-sobre-el-rol-de-la-mujer-en-la-integracion-regional\/\" \/>\n<meta property=\"og:site_name\" content=\"In\u00e9s Weinberg de Roca\" \/>\n<meta property=\"article:published_time\" content=\"2024-10-03T00:12:49+00:00\" \/>\n<meta property=\"article:modified_time\" content=\"2024-10-03T00:18:08+00:00\" \/>\n<meta property=\"og:image\" content=\"https:\/\/inesweinbergderoca.com\/wp-content\/uploads\/2024\/10\/WhatsApp-Image-2024-10-02-at-16.19.47-768x511.jpeg\" \/>\n<meta name=\"author\" content=\"Susana2021\" \/>\n<meta name=\"twitter:card\" content=\"summary_large_image\" \/>\n<meta name=\"twitter:label1\" content=\"Escrito por\" \/>\n\t<meta name=\"twitter:data1\" content=\"Susana2021\" \/>\n\t<meta name=\"twitter:label2\" content=\"Tiempo de lectura\" \/>\n\t<meta name=\"twitter:data2\" content=\"1 minuto\" \/>\n<script type=\"application\/ld+json\" class=\"yoast-schema-graph\">{\"@context\":\"https:\\\/\\\/schema.org\",\"@graph\":[{\"@type\":\"Article\",\"@id\":\"https:\\\/\\\/inesweinbergderoca.com\\\/index.php\\\/2024\\\/10\\\/03\\\/la-dra-ines-weinberg-abre-la-jornada-sobre-el-rol-de-la-mujer-en-la-integracion-regional\\\/#article\",\"isPartOf\":{\"@id\":\"https:\\\/\\\/inesweinbergderoca.com\\\/index.php\\\/2024\\\/10\\\/03\\\/la-dra-ines-weinberg-abre-la-jornada-sobre-el-rol-de-la-mujer-en-la-integracion-regional\\\/\"},\"author\":{\"name\":\"Susana2021\",\"@id\":\"https:\\\/\\\/inesweinbergderoca.com\\\/#\\\/schema\\\/person\\\/e935f5cfe8b9d91e4e11182ac4455393\"},\"headline\":\"La Dra. In\u00e9s Weinberg abre la jornada sobre el Rol de la Mujer en la Integraci\u00f3n Regional\",\"datePublished\":\"2024-10-03T00:12:49+00:00\",\"dateModified\":\"2024-10-03T00:18:08+00:00\",\"mainEntityOfPage\":{\"@id\":\"https:\\\/\\\/inesweinbergderoca.com\\\/index.php\\\/2024\\\/10\\\/03\\\/la-dra-ines-weinberg-abre-la-jornada-sobre-el-rol-de-la-mujer-en-la-integracion-regional\\\/\"},\"wordCount\":133,\"commentCount\":0,\"publisher\":{\"@id\":\"https:\\\/\\\/inesweinbergderoca.com\\\/#\\\/schema\\\/person\\\/e935f5cfe8b9d91e4e11182ac4455393\"},\"image\":{\"@id\":\"https:\\\/\\\/inesweinbergderoca.com\\\/index.php\\\/2024\\\/10\\\/03\\\/la-dra-ines-weinberg-abre-la-jornada-sobre-el-rol-de-la-mujer-en-la-integracion-regional\\\/#primaryimage\"},\"thumbnailUrl\":\"https:\\\/\\\/inesweinbergderoca.com\\\/wp-content\\\/uploads\\\/2024\\\/10\\\/WhatsApp-Image-2024-10-02-at-16.19.47-768x511.jpeg\",\"articleSection\":[\"feminismo\"],\"inLanguage\":\"es-AR\",\"potentialAction\":[{\"@type\":\"CommentAction\",\"name\":\"Comment\",\"target\":[\"https:\\\/\\\/inesweinbergderoca.com\\\/index.php\\\/2024\\\/10\\\/03\\\/la-dra-ines-weinberg-abre-la-jornada-sobre-el-rol-de-la-mujer-en-la-integracion-regional\\\/#respond\"]}]},{\"@type\":\"WebPage\",\"@id\":\"https:\\\/\\\/inesweinbergderoca.com\\\/index.php\\\/2024\\\/10\\\/03\\\/la-dra-ines-weinberg-abre-la-jornada-sobre-el-rol-de-la-mujer-en-la-integracion-regional\\\/\",\"url\":\"https:\\\/\\\/inesweinbergderoca.com\\\/index.php\\\/2024\\\/10\\\/03\\\/la-dra-ines-weinberg-abre-la-jornada-sobre-el-rol-de-la-mujer-en-la-integracion-regional\\\/\",\"name\":\"La Dra. In\u00e9s Weinberg abre la jornada sobre el Rol de la Mujer en la Integraci\u00f3n Regional &#062; In\u00e9s Weinberg de Roca\",\"isPartOf\":{\"@id\":\"https:\\\/\\\/inesweinbergderoca.com\\\/#website\"},\"primaryImageOfPage\":{\"@id\":\"https:\\\/\\\/inesweinbergderoca.com\\\/index.php\\\/2024\\\/10\\\/03\\\/la-dra-ines-weinberg-abre-la-jornada-sobre-el-rol-de-la-mujer-en-la-integracion-regional\\\/#primaryimage\"},\"image\":{\"@id\":\"https:\\\/\\\/inesweinbergderoca.com\\\/index.php\\\/2024\\\/10\\\/03\\\/la-dra-ines-weinberg-abre-la-jornada-sobre-el-rol-de-la-mujer-en-la-integracion-regional\\\/#primaryimage\"},\"thumbnailUrl\":\"https:\\\/\\\/inesweinbergderoca.com\\\/wp-content\\\/uploads\\\/2024\\\/10\\\/WhatsApp-Image-2024-10-02-at-16.19.47-768x511.jpeg\",\"datePublished\":\"2024-10-03T00:12:49+00:00\",\"dateModified\":\"2024-10-03T00:18:08+00:00\",\"breadcrumb\":{\"@id\":\"https:\\\/\\\/inesweinbergderoca.com\\\/index.php\\\/2024\\\/10\\\/03\\\/la-dra-ines-weinberg-abre-la-jornada-sobre-el-rol-de-la-mujer-en-la-integracion-regional\\\/#breadcrumb\"},\"inLanguage\":\"es-AR\",\"potentialAction\":[{\"@type\":\"ReadAction\",\"target\":[\"https:\\\/\\\/inesweinbergderoca.com\\\/index.php\\\/2024\\\/10\\\/03\\\/la-dra-ines-weinberg-abre-la-jornada-sobre-el-rol-de-la-mujer-en-la-integracion-regional\\\/\"]}]},{\"@type\":\"ImageObject\",\"inLanguage\":\"es-AR\",\"@id\":\"https:\\\/\\\/inesweinbergderoca.com\\\/index.php\\\/2024\\\/10\\\/03\\\/la-dra-ines-weinberg-abre-la-jornada-sobre-el-rol-de-la-mujer-en-la-integracion-regional\\\/#primaryimage\",\"url\":\"https:\\\/\\\/inesweinbergderoca.com\\\/wp-content\\\/uploads\\\/2024\\\/10\\\/WhatsApp-Image-2024-10-02-at-16.19.47.jpeg\",\"contentUrl\":\"https:\\\/\\\/inesweinbergderoca.com\\\/wp-content\\\/uploads\\\/2024\\\/10\\\/WhatsApp-Image-2024-10-02-at-16.19.47.jpeg\",\"width\":1131,\"height\":753},{\"@type\":\"BreadcrumbList\",\"@id\":\"https:\\\/\\\/inesweinbergderoca.com\\\/index.php\\\/2024\\\/10\\\/03\\\/la-dra-ines-weinberg-abre-la-jornada-sobre-el-rol-de-la-mujer-en-la-integracion-regional\\\/#breadcrumb\",\"itemListElement\":[{\"@type\":\"ListItem\",\"position\":1,\"name\":\"Inicio\",\"item\":\"https:\\\/\\\/inesweinbergderoca.com\\\/\"},{\"@type\":\"ListItem\",\"position\":2,\"name\":\"La Dra. In\u00e9s Weinberg abre la jornada sobre el Rol de la Mujer en la Integraci\u00f3n Regional\"}]},{\"@type\":\"WebSite\",\"@id\":\"https:\\\/\\\/inesweinbergderoca.com\\\/#website\",\"url\":\"https:\\\/\\\/inesweinbergderoca.com\\\/\",\"name\":\"Ines Weinberg de Roca Sitio Oficial\",\"description\":\"\",\"publisher\":{\"@id\":\"https:\\\/\\\/inesweinbergderoca.com\\\/#\\\/schema\\\/person\\\/e935f5cfe8b9d91e4e11182ac4455393\"},\"potentialAction\":[{\"@type\":\"SearchAction\",\"target\":{\"@type\":\"EntryPoint\",\"urlTemplate\":\"https:\\\/\\\/inesweinbergderoca.com\\\/?s={search_term_string}\"},\"query-input\":{\"@type\":\"PropertyValueSpecification\",\"valueRequired\":true,\"valueName\":\"search_term_string\"}}],\"inLanguage\":\"es-AR\"},{\"@type\":[\"Person\",\"Organization\"],\"@id\":\"https:\\\/\\\/inesweinbergderoca.com\\\/#\\\/schema\\\/person\\\/e935f5cfe8b9d91e4e11182ac4455393\",\"name\":\"Susana2021\",\"image\":{\"@type\":\"ImageObject\",\"inLanguage\":\"es-AR\",\"@id\":\"https:\\\/\\\/inesweinbergderoca.com\\\/wp-content\\\/uploads\\\/2021\\\/06\\\/cropped-favicon.jpg\",\"url\":\"https:\\\/\\\/inesweinbergderoca.com\\\/wp-content\\\/uploads\\\/2021\\\/06\\\/cropped-favicon.jpg\",\"contentUrl\":\"https:\\\/\\\/inesweinbergderoca.com\\\/wp-content\\\/uploads\\\/2021\\\/06\\\/cropped-favicon.jpg\",\"width\":512,\"height\":512,\"caption\":\"Susana2021\"},\"logo\":{\"@id\":\"https:\\\/\\\/inesweinbergderoca.com\\\/wp-content\\\/uploads\\\/2021\\\/06\\\/cropped-favicon.jpg\"},\"sameAs\":[\"https:\\\/\\\/inesweinbergderoca.com\"],\"url\":\"https:\\\/\\\/inesweinbergderoca.com\\\/index.php\\\/author\\\/susana2021\\\/\"}]}<\/script>\n<!-- \/ Yoast SEO plugin. -->","yoast_head_json":{"title":"La Dra. In\u00e9s Weinberg abre la jornada sobre el Rol de la Mujer en la Integraci\u00f3n Regional &#062; In\u00e9s Weinberg de Roca","robots":{"index":"index","follow":"follow","max-snippet":"max-snippet:-1","max-image-preview":"max-image-preview:large","max-video-preview":"max-video-preview:-1"},"canonical":"https:\/\/inesweinbergderoca.com\/index.php\/2024\/10\/03\/la-dra-ines-weinberg-abre-la-jornada-sobre-el-rol-de-la-mujer-en-la-integracion-regional\/","og_locale":"es_ES","og_type":"article","og_title":"La Dra. In\u00e9s Weinberg abre la jornada sobre el Rol de la Mujer en la Integraci\u00f3n Regional &#062; In\u00e9s Weinberg de Roca","og_description":"La presidenta del Tribunal Superior de Justicia de la Ciudad de Buenos Aires, jueza In\u00e9s M. Weinberg, abri\u00f3 la conferencia inaugural de la reuni\u00f3n anual de la Asociaci\u00f3n de Estudios de Integraci\u00f3n donde subray\u00f3 la importancia de fortalecer la presencia femenina en espacios de toma de decisi\u00f3n. El evento, titulado \u201cEl rol de la mujer Continue reading","og_url":"https:\/\/inesweinbergderoca.com\/index.php\/2024\/10\/03\/la-dra-ines-weinberg-abre-la-jornada-sobre-el-rol-de-la-mujer-en-la-integracion-regional\/","og_site_name":"In\u00e9s Weinberg de Roca","article_published_time":"2024-10-03T00:12:49+00:00","article_modified_time":"2024-10-03T00:18:08+00:00","og_image":[{"url":"https:\/\/inesweinbergderoca.com\/wp-content\/uploads\/2024\/10\/WhatsApp-Image-2024-10-02-at-16.19.47-768x511.jpeg","type":"","width":"","height":""}],"author":"Susana2021","twitter_card":"summary_large_image","twitter_misc":{"Escrito por":"Susana2021","Tiempo de lectura":"1 minuto"},"schema":{"@context":"https:\/\/schema.org","@graph":[{"@type":"Article","@id":"https:\/\/inesweinbergderoca.com\/index.php\/2024\/10\/03\/la-dra-ines-weinberg-abre-la-jornada-sobre-el-rol-de-la-mujer-en-la-integracion-regional\/#article","isPartOf":{"@id":"https:\/\/inesweinbergderoca.com\/index.php\/2024\/10\/03\/la-dra-ines-weinberg-abre-la-jornada-sobre-el-rol-de-la-mujer-en-la-integracion-regional\/"},"author":{"name":"Susana2021","@id":"https:\/\/inesweinbergderoca.com\/#\/schema\/person\/e935f5cfe8b9d91e4e11182ac4455393"},"headline":"La Dra. In\u00e9s Weinberg abre la jornada sobre el Rol de la Mujer en la Integraci\u00f3n Regional","datePublished":"2024-10-03T00:12:49+00:00","dateModified":"2024-10-03T00:18:08+00:00","mainEntityOfPage":{"@id":"https:\/\/inesweinbergderoca.com\/index.php\/2024\/10\/03\/la-dra-ines-weinberg-abre-la-jornada-sobre-el-rol-de-la-mujer-en-la-integracion-regional\/"},"wordCount":133,"commentCount":0,"publisher":{"@id":"https:\/\/inesweinbergderoca.com\/#\/schema\/person\/e935f5cfe8b9d91e4e11182ac4455393"},"image":{"@id":"https:\/\/inesweinbergderoca.com\/index.php\/2024\/10\/03\/la-dra-ines-weinberg-abre-la-jornada-sobre-el-rol-de-la-mujer-en-la-integracion-regional\/#primaryimage"},"thumbnailUrl":"https:\/\/inesweinbergderoca.com\/wp-content\/uploads\/2024\/10\/WhatsApp-Image-2024-10-02-at-16.19.47-768x511.jpeg","articleSection":["feminismo"],"inLanguage":"es-AR","potentialAction":[{"@type":"CommentAction","name":"Comment","target":["https:\/\/inesweinbergderoca.com\/index.php\/2024\/10\/03\/la-dra-ines-weinberg-abre-la-jornada-sobre-el-rol-de-la-mujer-en-la-integracion-regional\/#respond"]}]},{"@type":"WebPage","@id":"https:\/\/inesweinbergderoca.com\/index.php\/2024\/10\/03\/la-dra-ines-weinberg-abre-la-jornada-sobre-el-rol-de-la-mujer-en-la-integracion-regional\/","url":"https:\/\/inesweinbergderoca.com\/index.php\/2024\/10\/03\/la-dra-ines-weinberg-abre-la-jornada-sobre-el-rol-de-la-mujer-en-la-integracion-regional\/","name":"La Dra. In\u00e9s Weinberg abre la jornada sobre el Rol de la Mujer en la Integraci\u00f3n Regional &#062; In\u00e9s Weinberg de Roca","isPartOf":{"@id":"https:\/\/inesweinbergderoca.com\/#website"},"primaryImageOfPage":{"@id":"https:\/\/inesweinbergderoca.com\/index.php\/2024\/10\/03\/la-dra-ines-weinberg-abre-la-jornada-sobre-el-rol-de-la-mujer-en-la-integracion-regional\/#primaryimage"},"image":{"@id":"https:\/\/inesweinbergderoca.com\/index.php\/2024\/10\/03\/la-dra-ines-weinberg-abre-la-jornada-sobre-el-rol-de-la-mujer-en-la-integracion-regional\/#primaryimage"},"thumbnailUrl":"https:\/\/inesweinbergderoca.com\/wp-content\/uploads\/2024\/10\/WhatsApp-Image-2024-10-02-at-16.19.47-768x511.jpeg","datePublished":"2024-10-03T00:12:49+00:00","dateModified":"2024-10-03T00:18:08+00:00","breadcrumb":{"@id":"https:\/\/inesweinbergderoca.com\/index.php\/2024\/10\/03\/la-dra-ines-weinberg-abre-la-jornada-sobre-el-rol-de-la-mujer-en-la-integracion-regional\/#breadcrumb"},"inLanguage":"es-AR","potentialAction":[{"@type":"ReadAction","target":["https:\/\/inesweinbergderoca.com\/index.php\/2024\/10\/03\/la-dra-ines-weinberg-abre-la-jornada-sobre-el-rol-de-la-mujer-en-la-integracion-regional\/"]}]},{"@type":"ImageObject","inLanguage":"es-AR","@id":"https:\/\/inesweinbergderoca.com\/index.php\/2024\/10\/03\/la-dra-ines-weinberg-abre-la-jornada-sobre-el-rol-de-la-mujer-en-la-integracion-regional\/#primaryimage","url":"https:\/\/inesweinbergderoca.com\/wp-content\/uploads\/2024\/10\/WhatsApp-Image-2024-10-02-at-16.19.47.jpeg","contentUrl":"https:\/\/inesweinbergderoca.com\/wp-content\/uploads\/2024\/10\/WhatsApp-Image-2024-10-02-at-16.19.47.jpeg","width":1131,"height":753},{"@type":"BreadcrumbList","@id":"https:\/\/inesweinbergderoca.com\/index.php\/2024\/10\/03\/la-dra-ines-weinberg-abre-la-jornada-sobre-el-rol-de-la-mujer-en-la-integracion-regional\/#breadcrumb","itemListElement":[{"@type":"ListItem","position":1,"name":"Inicio","item":"https:\/\/inesweinbergderoca.com\/"},{"@type":"ListItem","position":2,"name":"La Dra. In\u00e9s Weinberg abre la jornada sobre el Rol de la Mujer en la Integraci\u00f3n Regional"}]},{"@type":"WebSite","@id":"https:\/\/inesweinbergderoca.com\/#website","url":"https:\/\/inesweinbergderoca.com\/","name":"Ines Weinberg de Roca Sitio Oficial","description":"","publisher":{"@id":"https:\/\/inesweinbergderoca.com\/#\/schema\/person\/e935f5cfe8b9d91e4e11182ac4455393"},"potentialAction":[{"@type":"SearchAction","target":{"@type":"EntryPoint","urlTemplate":"https:\/\/inesweinbergderoca.com\/?s={search_term_string}"},"query-input":{"@type":"PropertyValueSpecification","valueRequired":true,"valueName":"search_term_string"}}],"inLanguage":"es-AR"},{"@type":["Person","Organization"],"@id":"https:\/\/inesweinbergderoca.com\/#\/schema\/person\/e935f5cfe8b9d91e4e11182ac4455393","name":"Susana2021","image":{"@type":"ImageObject","inLanguage":"es-AR","@id":"https:\/\/inesweinbergderoca.com\/wp-content\/uploads\/2021\/06\/cropped-favicon.jpg","url":"https:\/\/inesweinbergderoca.com\/wp-content\/uploads\/2021\/06\/cropped-favicon.jpg","contentUrl":"https:\/\/inesweinbergderoca.com\/wp-content\/uploads\/2021\/06\/cropped-favicon.jpg","width":512,"height":512,"caption":"Susana2021"},"logo":{"@id":"https:\/\/inesweinbergderoca.com\/wp-content\/uploads\/2021\/06\/cropped-favicon.jpg"},"sameAs":["https:\/\/inesweinbergderoca.com"],"url":"https:\/\/inesweinbergderoca.com\/index.php\/author\/susana2021\/"}]}},"_links":{"self":[{"href":"https:\/\/inesweinbergderoca.com\/index.php\/wp-json\/wp\/v2\/posts\/2697","targetHints":{"allow":["GET"]}}],"collection":[{"href":"https:\/\/inesweinbergderoca.com\/index.php\/wp-json\/wp\/v2\/posts"}],"about":[{"href":"https:\/\/inesweinbergderoca.com\/index.php\/wp-json\/wp\/v2\/types\/post"}],"author":[{"embeddable":true,"href":"https:\/\/inesweinbergderoca.com\/index.php\/wp-json\/wp\/v2\/users\/1"}],"replies":[{"embeddable":true,"href":"https:\/\/inesweinbergderoca.com\/index.php\/wp-json\/wp\/v2\/comments?post=2697"}],"version-history":[{"count":6,"href":"https:\/\/inesweinbergderoca.com\/index.php\/wp-json\/wp\/v2\/posts\/2697\/revisions"}],"predecessor-version":[{"id":2704,"href":"https:\/\/inesweinbergderoca.com\/index.php\/wp-json\/wp\/v2\/posts\/2697\/revisions\/2704"}],"wp:attachment":[{"href":"https:\/\/inesweinbergderoca.com\/index.php\/wp-json\/wp\/v2\/media?parent=2697"}],"wp:term":[{"taxonomy":"category","embeddable":true,"href":"https:\/\/inesweinbergderoca.com\/index.php\/wp-json\/wp\/v2\/categories?post=2697"},{"taxonomy":"post_tag","embeddable":true,"href":"https:\/\/inesweinbergderoca.com\/index.php\/wp-json\/wp\/v2\/tags?post=2697"}],"curies":[{"name":"wp","href":"https:\/\/api.w.org\/{rel}","templated":true}]}}