{"id":2449,"date":"2022-11-28T15:22:04","date_gmt":"2022-11-28T15:22:04","guid":{"rendered":"https:\/\/inesweinbergderoca.com\/?p=2449"},"modified":"2022-11-28T15:42:18","modified_gmt":"2022-11-28T15:42:18","slug":"tribunal-superior-de-justicia-caba-conversatorio-implementacion-de-protocolos-de-violencia-en-el-poder-judicial-avances-y-desafios-24-de-noviembre-de-2022","status":"publish","type":"post","link":"https:\/\/inesweinbergderoca.com\/index.php\/2022\/11\/28\/tribunal-superior-de-justicia-caba-conversatorio-implementacion-de-protocolos-de-violencia-en-el-poder-judicial-avances-y-desafios-24-de-noviembre-de-2022\/","title":{"rendered":"Tribunal Superior de Justicia CABA &#8211; Conversatorio: &#8220;Implementaci\u00f3n de protocolos de violencia en el Poder Judicial: avances y desaf\u00edos&#8221; 24 de Noviembre de 2022"},"content":{"rendered":"\t\t<div data-elementor-type=\"wp-post\" data-elementor-id=\"2449\" class=\"elementor elementor-2449\" data-elementor-post-type=\"post\">\n\t\t\t\t\t\t<section class=\"elementor-section elementor-top-section elementor-element elementor-element-59a797b7 elementor-section-boxed elementor-section-height-default elementor-section-height-default\" data-id=\"59a797b7\" data-element_type=\"section\" data-e-type=\"section\">\n\t\t\t\t\t\t<div class=\"elementor-container elementor-column-gap-default\">\n\t\t\t\t\t<div class=\"elementor-column elementor-col-100 elementor-top-column elementor-element elementor-element-5c0390d\" data-id=\"5c0390d\" data-element_type=\"column\" data-e-type=\"column\">\n\t\t\t<div class=\"elementor-widget-wrap elementor-element-populated\">\n\t\t\t\t\t\t<div class=\"elementor-element elementor-element-1c7bbd45 elementor-widget elementor-widget-text-editor\" data-id=\"1c7bbd45\" data-element_type=\"widget\" data-e-type=\"widget\" data-widget_type=\"text-editor.default\">\n\t\t\t\t<div class=\"elementor-widget-container\">\n\t\t\t\t\t\t\t\t\t\n<p>En v\u00edsperas de la celebraci\u00f3n del D\u00eda Internacional de la Eliminaci\u00f3n de la Violencia contra las Mujeres, la Presidente del Tribunal Superior de Justicia inaugur\u00f3 el Conversatorio &#8220;Implementaci\u00f3n de protocolos de violencia en el Poder Judicial: avances y desaf\u00edos.&#8221;  <\/p>\n\n\n\n<p><\/p>\n\n\n\n<p class=\"has-text-align-center\"><strong>PDF<\/strong> <strong>COMPLETO<\/strong><\/p>\n\n\n<div class=\"wp-block-image\">\n<figure class=\"aligncenter size-full is-resized\"><a href=\"https:\/\/www.inesweinbergderoca.com\/PDF\/CONVERSATORIO PROTOCOLOS VIOLENCIA PJ AVANCES Y DESAFIOS.pdf\"><img decoding=\"async\" src=\"https:\/\/inesweinbergderoca.com\/wp-content\/uploads\/2022\/11\/Imagen-PDF-chica.jpg\" alt=\"\" class=\"wp-image-2451\" width=\"56\" height=\"60\"\/><\/a><\/figure>\n<\/div>\t\t\t\t\t\t\t\t<\/div>\n\t\t\t\t<\/div>\n\t\t\t\t\t<\/div>\n\t\t<\/div>\n\t\t\t\t\t<\/div>\n\t\t<\/section>\n\t\t\t\t<section class=\"elementor-section elementor-top-section elementor-element elementor-element-8867b94 elementor-section-boxed elementor-section-height-default elementor-section-height-default\" data-id=\"8867b94\" data-element_type=\"section\" data-e-type=\"section\">\n\t\t\t\t\t\t<div class=\"elementor-container elementor-column-gap-default\">\n\t\t\t\t\t<div class=\"elementor-column elementor-col-100 elementor-top-column elementor-element elementor-element-5a82b56\" data-id=\"5a82b56\" data-element_type=\"column\" data-e-type=\"column\">\n\t\t\t<div class=\"elementor-widget-wrap elementor-element-populated\">\n\t\t\t\t\t\t<div class=\"elementor-element elementor-element-332bdc3 elementor-post-navigation-borders-yes elementor-widget elementor-widget-post-navigation\" data-id=\"332bdc3\" data-element_type=\"widget\" data-e-type=\"widget\" data-widget_type=\"post-navigation.default\">\n\t\t\t\t<div class=\"elementor-widget-container\">\n\t\t\t\t\t\t\t<div class=\"elementor-post-navigation\" role=\"navigation\" aria-label=\"Post Navigation\">\n\t\t\t<div class=\"elementor-post-navigation__prev elementor-post-navigation__link\">\n\t\t\t\t<a href=\"https:\/\/inesweinbergderoca.com\/index.php\/2022\/03\/10\/women-in-justice-for-justice-eventhigh-level-event-on-the-occasion-of-the-first-international-day-of-women-judges-unodc-vienna\/\" rel=\"prev\"><span class=\"post-navigation__arrow-wrapper post-navigation__arrow-prev\"><i aria-hidden=\"true\" class=\"fas fa-angle-left\"><\/i><span class=\"elementor-screen-only\">Prev<\/span><\/span><span class=\"elementor-post-navigation__link__prev\"><span class=\"post-navigation__prev--label\">ANTERIOR<\/span><span class=\"post-navigation__prev--title\">Women in justice \/ for justice event<br>High-level event on the occasion of the first International Day of Women Judges UNODC, Vienna<\/span><\/span><\/a>\t\t\t<\/div>\n\t\t\t\t\t\t\t<div class=\"elementor-post-navigation__separator-wrapper\">\n\t\t\t\t\t<div class=\"elementor-post-navigation__separator\"><\/div>\n\t\t\t\t<\/div>\n\t\t\t\t\t\t<div class=\"elementor-post-navigation__next elementor-post-navigation__link\">\n\t\t\t\t<a href=\"https:\/\/inesweinbergderoca.com\/index.php\/2024\/07\/16\/mujeres-a-las-cosas\/\" rel=\"next\"><span class=\"elementor-post-navigation__link__next\"><span class=\"post-navigation__next--label\">POSTERIOR<\/span><span class=\"post-navigation__next--title\">Mujeres, a las cosas<\/span><\/span><span class=\"post-navigation__arrow-wrapper post-navigation__arrow-next\"><i aria-hidden=\"true\" class=\"fas fa-angle-right\"><\/i><span class=\"elementor-screen-only\">Next<\/span><\/span><\/a>\t\t\t<\/div>\n\t\t<\/div>\n\t\t\t\t\t\t<\/div>\n\t\t\t\t<\/div>\n\t\t\t\t\t<\/div>\n\t\t<\/div>\n\t\t\t\t\t<\/div>\n\t\t<\/section>\n\t\t\t\t<\/div>\n\t\t","protected":false},"excerpt":{"rendered":"<p>En v\u00edsperas de la celebraci\u00f3n del D\u00eda Internacional de la Eliminaci\u00f3n de la Violencia contra las Mujeres, la Presidente del Tribunal Superior de Justicia inaugur\u00f3 el Conversatorio &#8220;Implementaci\u00f3n de protocolos de violencia en el Poder Judicial: avances y desaf\u00edos.&#8221; PDF COMPLETO<\/p>\n","protected":false},"author":1,"featured_media":0,"comment_status":"open","ping_status":"open","sticky":false,"template":"elementor_header_footer","format":"standard","meta":{"_monsterinsights_skip_tracking":false,"_monsterinsights_sitenote_active":false,"_monsterinsights_sitenote_note":"","_monsterinsights_sitenote_category":0,"footnotes":""},"categories":[11],"tags":[],"class_list":["post-2449","post","type-post","status-publish","format-standard","hentry","category-feminismo"],"yoast_head":"<!-- This site is optimized with the Yoast SEO plugin v27.5 - https:\/\/yoast.com\/product\/yoast-seo-wordpress\/ -->\n<title>Tribunal Superior de Justicia CABA - Conversatorio: &quot;Implementaci\u00f3n de protocolos de violencia en el Poder Judicial: avances y desaf\u00edos&quot; 24 de Noviembre de 2022 &#062; In\u00e9s Weinberg de Roca<\/title>\n<meta name=\"robots\" content=\"index, follow, max-snippet:-1, max-image-preview:large, max-video-preview:-1\" \/>\n<link rel=\"canonical\" href=\"https:\/\/inesweinbergderoca.com\/index.php\/2022\/11\/28\/tribunal-superior-de-justicia-caba-conversatorio-implementacion-de-protocolos-de-violencia-en-el-poder-judicial-avances-y-desafios-24-de-noviembre-de-2022\/\" \/>\n<meta property=\"og:locale\" content=\"es_ES\" \/>\n<meta property=\"og:type\" content=\"article\" \/>\n<meta property=\"og:title\" content=\"Tribunal Superior de Justicia CABA - Conversatorio: &quot;Implementaci\u00f3n de protocolos de violencia en el Poder Judicial: avances y desaf\u00edos&quot; 24 de Noviembre de 2022 &#062; In\u00e9s Weinberg de Roca\" \/>\n<meta property=\"og:description\" content=\"En v\u00edsperas de la celebraci\u00f3n del D\u00eda Internacional de la Eliminaci\u00f3n de la Violencia contra las Mujeres, la Presidente del Tribunal Superior de Justicia inaugur\u00f3 el Conversatorio &#8220;Implementaci\u00f3n de protocolos de violencia en el Poder Judicial: avances y desaf\u00edos.&#8221; PDF COMPLETO\" \/>\n<meta property=\"og:url\" content=\"https:\/\/inesweinbergderoca.com\/index.php\/2022\/11\/28\/tribunal-superior-de-justicia-caba-conversatorio-implementacion-de-protocolos-de-violencia-en-el-poder-judicial-avances-y-desafios-24-de-noviembre-de-2022\/\" \/>\n<meta property=\"og:site_name\" content=\"In\u00e9s Weinberg de Roca\" \/>\n<meta property=\"article:published_time\" content=\"2022-11-28T15:22:04+00:00\" \/>\n<meta property=\"article:modified_time\" content=\"2022-11-28T15:42:18+00:00\" \/>\n<meta property=\"og:image\" content=\"https:\/\/inesweinbergderoca.com\/wp-content\/uploads\/2022\/11\/Imagen-PDF-chica.jpg\" \/>\n<meta name=\"author\" content=\"Susana2021\" \/>\n<meta name=\"twitter:card\" content=\"summary_large_image\" \/>\n<meta name=\"twitter:label1\" content=\"Escrito por\" \/>\n\t<meta name=\"twitter:data1\" content=\"Susana2021\" \/>\n<script type=\"application\/ld+json\" class=\"yoast-schema-graph\">{\"@context\":\"https:\\\/\\\/schema.org\",\"@graph\":[{\"@type\":\"Article\",\"@id\":\"https:\\\/\\\/inesweinbergderoca.com\\\/index.php\\\/2022\\\/11\\\/28\\\/tribunal-superior-de-justicia-caba-conversatorio-implementacion-de-protocolos-de-violencia-en-el-poder-judicial-avances-y-desafios-24-de-noviembre-de-2022\\\/#article\",\"isPartOf\":{\"@id\":\"https:\\\/\\\/inesweinbergderoca.com\\\/index.php\\\/2022\\\/11\\\/28\\\/tribunal-superior-de-justicia-caba-conversatorio-implementacion-de-protocolos-de-violencia-en-el-poder-judicial-avances-y-desafios-24-de-noviembre-de-2022\\\/\"},\"author\":{\"name\":\"Susana2021\",\"@id\":\"https:\\\/\\\/inesweinbergderoca.com\\\/#\\\/schema\\\/person\\\/e935f5cfe8b9d91e4e11182ac4455393\"},\"headline\":\"Tribunal Superior de Justicia CABA &#8211; Conversatorio: &#8220;Implementaci\u00f3n de protocolos de violencia en el Poder Judicial: avances y desaf\u00edos&#8221; 24 de Noviembre de 2022\",\"datePublished\":\"2022-11-28T15:22:04+00:00\",\"dateModified\":\"2022-11-28T15:42:18+00:00\",\"mainEntityOfPage\":{\"@id\":\"https:\\\/\\\/inesweinbergderoca.com\\\/index.php\\\/2022\\\/11\\\/28\\\/tribunal-superior-de-justicia-caba-conversatorio-implementacion-de-protocolos-de-violencia-en-el-poder-judicial-avances-y-desafios-24-de-noviembre-de-2022\\\/\"},\"wordCount\":71,\"commentCount\":0,\"publisher\":{\"@id\":\"https:\\\/\\\/inesweinbergderoca.com\\\/#\\\/schema\\\/person\\\/e935f5cfe8b9d91e4e11182ac4455393\"},\"image\":{\"@id\":\"https:\\\/\\\/inesweinbergderoca.com\\\/index.php\\\/2022\\\/11\\\/28\\\/tribunal-superior-de-justicia-caba-conversatorio-implementacion-de-protocolos-de-violencia-en-el-poder-judicial-avances-y-desafios-24-de-noviembre-de-2022\\\/#primaryimage\"},\"thumbnailUrl\":\"https:\\\/\\\/inesweinbergderoca.com\\\/wp-content\\\/uploads\\\/2022\\\/11\\\/Imagen-PDF-chica.jpg\",\"articleSection\":[\"feminismo\"],\"inLanguage\":\"es-AR\",\"potentialAction\":[{\"@type\":\"CommentAction\",\"name\":\"Comment\",\"target\":[\"https:\\\/\\\/inesweinbergderoca.com\\\/index.php\\\/2022\\\/11\\\/28\\\/tribunal-superior-de-justicia-caba-conversatorio-implementacion-de-protocolos-de-violencia-en-el-poder-judicial-avances-y-desafios-24-de-noviembre-de-2022\\\/#respond\"]}]},{\"@type\":\"WebPage\",\"@id\":\"https:\\\/\\\/inesweinbergderoca.com\\\/index.php\\\/2022\\\/11\\\/28\\\/tribunal-superior-de-justicia-caba-conversatorio-implementacion-de-protocolos-de-violencia-en-el-poder-judicial-avances-y-desafios-24-de-noviembre-de-2022\\\/\",\"url\":\"https:\\\/\\\/inesweinbergderoca.com\\\/index.php\\\/2022\\\/11\\\/28\\\/tribunal-superior-de-justicia-caba-conversatorio-implementacion-de-protocolos-de-violencia-en-el-poder-judicial-avances-y-desafios-24-de-noviembre-de-2022\\\/\",\"name\":\"Tribunal Superior de Justicia CABA - Conversatorio: \\\"Implementaci\u00f3n de protocolos de violencia en el Poder Judicial: avances y desaf\u00edos\\\" 24 de Noviembre de 2022 &#062; In\u00e9s Weinberg de Roca\",\"isPartOf\":{\"@id\":\"https:\\\/\\\/inesweinbergderoca.com\\\/#website\"},\"primaryImageOfPage\":{\"@id\":\"https:\\\/\\\/inesweinbergderoca.com\\\/index.php\\\/2022\\\/11\\\/28\\\/tribunal-superior-de-justicia-caba-conversatorio-implementacion-de-protocolos-de-violencia-en-el-poder-judicial-avances-y-desafios-24-de-noviembre-de-2022\\\/#primaryimage\"},\"image\":{\"@id\":\"https:\\\/\\\/inesweinbergderoca.com\\\/index.php\\\/2022\\\/11\\\/28\\\/tribunal-superior-de-justicia-caba-conversatorio-implementacion-de-protocolos-de-violencia-en-el-poder-judicial-avances-y-desafios-24-de-noviembre-de-2022\\\/#primaryimage\"},\"thumbnailUrl\":\"https:\\\/\\\/inesweinbergderoca.com\\\/wp-content\\\/uploads\\\/2022\\\/11\\\/Imagen-PDF-chica.jpg\",\"datePublished\":\"2022-11-28T15:22:04+00:00\",\"dateModified\":\"2022-11-28T15:42:18+00:00\",\"breadcrumb\":{\"@id\":\"https:\\\/\\\/inesweinbergderoca.com\\\/index.php\\\/2022\\\/11\\\/28\\\/tribunal-superior-de-justicia-caba-conversatorio-implementacion-de-protocolos-de-violencia-en-el-poder-judicial-avances-y-desafios-24-de-noviembre-de-2022\\\/#breadcrumb\"},\"inLanguage\":\"es-AR\",\"potentialAction\":[{\"@type\":\"ReadAction\",\"target\":[\"https:\\\/\\\/inesweinbergderoca.com\\\/index.php\\\/2022\\\/11\\\/28\\\/tribunal-superior-de-justicia-caba-conversatorio-implementacion-de-protocolos-de-violencia-en-el-poder-judicial-avances-y-desafios-24-de-noviembre-de-2022\\\/\"]}]},{\"@type\":\"ImageObject\",\"inLanguage\":\"es-AR\",\"@id\":\"https:\\\/\\\/inesweinbergderoca.com\\\/index.php\\\/2022\\\/11\\\/28\\\/tribunal-superior-de-justicia-caba-conversatorio-implementacion-de-protocolos-de-violencia-en-el-poder-judicial-avances-y-desafios-24-de-noviembre-de-2022\\\/#primaryimage\",\"url\":\"https:\\\/\\\/inesweinbergderoca.com\\\/wp-content\\\/uploads\\\/2022\\\/11\\\/Imagen-PDF-chica.jpg\",\"contentUrl\":\"https:\\\/\\\/inesweinbergderoca.com\\\/wp-content\\\/uploads\\\/2022\\\/11\\\/Imagen-PDF-chica.jpg\",\"width\":56,\"height\":60},{\"@type\":\"BreadcrumbList\",\"@id\":\"https:\\\/\\\/inesweinbergderoca.com\\\/index.php\\\/2022\\\/11\\\/28\\\/tribunal-superior-de-justicia-caba-conversatorio-implementacion-de-protocolos-de-violencia-en-el-poder-judicial-avances-y-desafios-24-de-noviembre-de-2022\\\/#breadcrumb\",\"itemListElement\":[{\"@type\":\"ListItem\",\"position\":1,\"name\":\"Inicio\",\"item\":\"https:\\\/\\\/inesweinbergderoca.com\\\/\"},{\"@type\":\"ListItem\",\"position\":2,\"name\":\"Tribunal Superior de Justicia CABA &#8211; Conversatorio: &#8220;Implementaci\u00f3n de protocolos de violencia en el Poder Judicial: avances y desaf\u00edos&#8221; 24 de Noviembre de 2022\"}]},{\"@type\":\"WebSite\",\"@id\":\"https:\\\/\\\/inesweinbergderoca.com\\\/#website\",\"url\":\"https:\\\/\\\/inesweinbergderoca.com\\\/\",\"name\":\"Ines Weinberg de Roca Sitio Oficial\",\"description\":\"\",\"publisher\":{\"@id\":\"https:\\\/\\\/inesweinbergderoca.com\\\/#\\\/schema\\\/person\\\/e935f5cfe8b9d91e4e11182ac4455393\"},\"potentialAction\":[{\"@type\":\"SearchAction\",\"target\":{\"@type\":\"EntryPoint\",\"urlTemplate\":\"https:\\\/\\\/inesweinbergderoca.com\\\/?s={search_term_string}\"},\"query-input\":{\"@type\":\"PropertyValueSpecification\",\"valueRequired\":true,\"valueName\":\"search_term_string\"}}],\"inLanguage\":\"es-AR\"},{\"@type\":[\"Person\",\"Organization\"],\"@id\":\"https:\\\/\\\/inesweinbergderoca.com\\\/#\\\/schema\\\/person\\\/e935f5cfe8b9d91e4e11182ac4455393\",\"name\":\"Susana2021\",\"image\":{\"@type\":\"ImageObject\",\"inLanguage\":\"es-AR\",\"@id\":\"https:\\\/\\\/inesweinbergderoca.com\\\/wp-content\\\/uploads\\\/2021\\\/06\\\/cropped-favicon.jpg\",\"url\":\"https:\\\/\\\/inesweinbergderoca.com\\\/wp-content\\\/uploads\\\/2021\\\/06\\\/cropped-favicon.jpg\",\"contentUrl\":\"https:\\\/\\\/inesweinbergderoca.com\\\/wp-content\\\/uploads\\\/2021\\\/06\\\/cropped-favicon.jpg\",\"width\":512,\"height\":512,\"caption\":\"Susana2021\"},\"logo\":{\"@id\":\"https:\\\/\\\/inesweinbergderoca.com\\\/wp-content\\\/uploads\\\/2021\\\/06\\\/cropped-favicon.jpg\"},\"sameAs\":[\"https:\\\/\\\/inesweinbergderoca.com\"],\"url\":\"https:\\\/\\\/inesweinbergderoca.com\\\/index.php\\\/author\\\/susana2021\\\/\"}]}<\/script>\n<!-- \/ Yoast SEO plugin. -->","yoast_head_json":{"title":"Tribunal Superior de Justicia CABA - Conversatorio: \"Implementaci\u00f3n de protocolos de violencia en el Poder Judicial: avances y desaf\u00edos\" 24 de Noviembre de 2022 &#062; In\u00e9s Weinberg de Roca","robots":{"index":"index","follow":"follow","max-snippet":"max-snippet:-1","max-image-preview":"max-image-preview:large","max-video-preview":"max-video-preview:-1"},"canonical":"https:\/\/inesweinbergderoca.com\/index.php\/2022\/11\/28\/tribunal-superior-de-justicia-caba-conversatorio-implementacion-de-protocolos-de-violencia-en-el-poder-judicial-avances-y-desafios-24-de-noviembre-de-2022\/","og_locale":"es_ES","og_type":"article","og_title":"Tribunal Superior de Justicia CABA - Conversatorio: \"Implementaci\u00f3n de protocolos de violencia en el Poder Judicial: avances y desaf\u00edos\" 24 de Noviembre de 2022 &#062; In\u00e9s Weinberg de Roca","og_description":"En v\u00edsperas de la celebraci\u00f3n del D\u00eda Internacional de la Eliminaci\u00f3n de la Violencia contra las Mujeres, la Presidente del Tribunal Superior de Justicia inaugur\u00f3 el Conversatorio &#8220;Implementaci\u00f3n de protocolos de violencia en el Poder Judicial: avances y desaf\u00edos.&#8221; PDF COMPLETO","og_url":"https:\/\/inesweinbergderoca.com\/index.php\/2022\/11\/28\/tribunal-superior-de-justicia-caba-conversatorio-implementacion-de-protocolos-de-violencia-en-el-poder-judicial-avances-y-desafios-24-de-noviembre-de-2022\/","og_site_name":"In\u00e9s Weinberg de Roca","article_published_time":"2022-11-28T15:22:04+00:00","article_modified_time":"2022-11-28T15:42:18+00:00","og_image":[{"url":"https:\/\/inesweinbergderoca.com\/wp-content\/uploads\/2022\/11\/Imagen-PDF-chica.jpg","type":"","width":"","height":""}],"author":"Susana2021","twitter_card":"summary_large_image","twitter_misc":{"Escrito por":"Susana2021"},"schema":{"@context":"https:\/\/schema.org","@graph":[{"@type":"Article","@id":"https:\/\/inesweinbergderoca.com\/index.php\/2022\/11\/28\/tribunal-superior-de-justicia-caba-conversatorio-implementacion-de-protocolos-de-violencia-en-el-poder-judicial-avances-y-desafios-24-de-noviembre-de-2022\/#article","isPartOf":{"@id":"https:\/\/inesweinbergderoca.com\/index.php\/2022\/11\/28\/tribunal-superior-de-justicia-caba-conversatorio-implementacion-de-protocolos-de-violencia-en-el-poder-judicial-avances-y-desafios-24-de-noviembre-de-2022\/"},"author":{"name":"Susana2021","@id":"https:\/\/inesweinbergderoca.com\/#\/schema\/person\/e935f5cfe8b9d91e4e11182ac4455393"},"headline":"Tribunal Superior de Justicia CABA &#8211; Conversatorio: &#8220;Implementaci\u00f3n de protocolos de violencia en el Poder Judicial: avances y desaf\u00edos&#8221; 24 de Noviembre de 2022","datePublished":"2022-11-28T15:22:04+00:00","dateModified":"2022-11-28T15:42:18+00:00","mainEntityOfPage":{"@id":"https:\/\/inesweinbergderoca.com\/index.php\/2022\/11\/28\/tribunal-superior-de-justicia-caba-conversatorio-implementacion-de-protocolos-de-violencia-en-el-poder-judicial-avances-y-desafios-24-de-noviembre-de-2022\/"},"wordCount":71,"commentCount":0,"publisher":{"@id":"https:\/\/inesweinbergderoca.com\/#\/schema\/person\/e935f5cfe8b9d91e4e11182ac4455393"},"image":{"@id":"https:\/\/inesweinbergderoca.com\/index.php\/2022\/11\/28\/tribunal-superior-de-justicia-caba-conversatorio-implementacion-de-protocolos-de-violencia-en-el-poder-judicial-avances-y-desafios-24-de-noviembre-de-2022\/#primaryimage"},"thumbnailUrl":"https:\/\/inesweinbergderoca.com\/wp-content\/uploads\/2022\/11\/Imagen-PDF-chica.jpg","articleSection":["feminismo"],"inLanguage":"es-AR","potentialAction":[{"@type":"CommentAction","name":"Comment","target":["https:\/\/inesweinbergderoca.com\/index.php\/2022\/11\/28\/tribunal-superior-de-justicia-caba-conversatorio-implementacion-de-protocolos-de-violencia-en-el-poder-judicial-avances-y-desafios-24-de-noviembre-de-2022\/#respond"]}]},{"@type":"WebPage","@id":"https:\/\/inesweinbergderoca.com\/index.php\/2022\/11\/28\/tribunal-superior-de-justicia-caba-conversatorio-implementacion-de-protocolos-de-violencia-en-el-poder-judicial-avances-y-desafios-24-de-noviembre-de-2022\/","url":"https:\/\/inesweinbergderoca.com\/index.php\/2022\/11\/28\/tribunal-superior-de-justicia-caba-conversatorio-implementacion-de-protocolos-de-violencia-en-el-poder-judicial-avances-y-desafios-24-de-noviembre-de-2022\/","name":"Tribunal Superior de Justicia CABA - Conversatorio: \"Implementaci\u00f3n de protocolos de violencia en el Poder Judicial: avances y desaf\u00edos\" 24 de Noviembre de 2022 &#062; In\u00e9s Weinberg de Roca","isPartOf":{"@id":"https:\/\/inesweinbergderoca.com\/#website"},"primaryImageOfPage":{"@id":"https:\/\/inesweinbergderoca.com\/index.php\/2022\/11\/28\/tribunal-superior-de-justicia-caba-conversatorio-implementacion-de-protocolos-de-violencia-en-el-poder-judicial-avances-y-desafios-24-de-noviembre-de-2022\/#primaryimage"},"image":{"@id":"https:\/\/inesweinbergderoca.com\/index.php\/2022\/11\/28\/tribunal-superior-de-justicia-caba-conversatorio-implementacion-de-protocolos-de-violencia-en-el-poder-judicial-avances-y-desafios-24-de-noviembre-de-2022\/#primaryimage"},"thumbnailUrl":"https:\/\/inesweinbergderoca.com\/wp-content\/uploads\/2022\/11\/Imagen-PDF-chica.jpg","datePublished":"2022-11-28T15:22:04+00:00","dateModified":"2022-11-28T15:42:18+00:00","breadcrumb":{"@id":"https:\/\/inesweinbergderoca.com\/index.php\/2022\/11\/28\/tribunal-superior-de-justicia-caba-conversatorio-implementacion-de-protocolos-de-violencia-en-el-poder-judicial-avances-y-desafios-24-de-noviembre-de-2022\/#breadcrumb"},"inLanguage":"es-AR","potentialAction":[{"@type":"ReadAction","target":["https:\/\/inesweinbergderoca.com\/index.php\/2022\/11\/28\/tribunal-superior-de-justicia-caba-conversatorio-implementacion-de-protocolos-de-violencia-en-el-poder-judicial-avances-y-desafios-24-de-noviembre-de-2022\/"]}]},{"@type":"ImageObject","inLanguage":"es-AR","@id":"https:\/\/inesweinbergderoca.com\/index.php\/2022\/11\/28\/tribunal-superior-de-justicia-caba-conversatorio-implementacion-de-protocolos-de-violencia-en-el-poder-judicial-avances-y-desafios-24-de-noviembre-de-2022\/#primaryimage","url":"https:\/\/inesweinbergderoca.com\/wp-content\/uploads\/2022\/11\/Imagen-PDF-chica.jpg","contentUrl":"https:\/\/inesweinbergderoca.com\/wp-content\/uploads\/2022\/11\/Imagen-PDF-chica.jpg","width":56,"height":60},{"@type":"BreadcrumbList","@id":"https:\/\/inesweinbergderoca.com\/index.php\/2022\/11\/28\/tribunal-superior-de-justicia-caba-conversatorio-implementacion-de-protocolos-de-violencia-en-el-poder-judicial-avances-y-desafios-24-de-noviembre-de-2022\/#breadcrumb","itemListElement":[{"@type":"ListItem","position":1,"name":"Inicio","item":"https:\/\/inesweinbergderoca.com\/"},{"@type":"ListItem","position":2,"name":"Tribunal Superior de Justicia CABA &#8211; Conversatorio: &#8220;Implementaci\u00f3n de protocolos de violencia en el Poder Judicial: avances y desaf\u00edos&#8221; 24 de Noviembre de 2022"}]},{"@type":"WebSite","@id":"https:\/\/inesweinbergderoca.com\/#website","url":"https:\/\/inesweinbergderoca.com\/","name":"Ines Weinberg de Roca Sitio Oficial","description":"","publisher":{"@id":"https:\/\/inesweinbergderoca.com\/#\/schema\/person\/e935f5cfe8b9d91e4e11182ac4455393"},"potentialAction":[{"@type":"SearchAction","target":{"@type":"EntryPoint","urlTemplate":"https:\/\/inesweinbergderoca.com\/?s={search_term_string}"},"query-input":{"@type":"PropertyValueSpecification","valueRequired":true,"valueName":"search_term_string"}}],"inLanguage":"es-AR"},{"@type":["Person","Organization"],"@id":"https:\/\/inesweinbergderoca.com\/#\/schema\/person\/e935f5cfe8b9d91e4e11182ac4455393","name":"Susana2021","image":{"@type":"ImageObject","inLanguage":"es-AR","@id":"https:\/\/inesweinbergderoca.com\/wp-content\/uploads\/2021\/06\/cropped-favicon.jpg","url":"https:\/\/inesweinbergderoca.com\/wp-content\/uploads\/2021\/06\/cropped-favicon.jpg","contentUrl":"https:\/\/inesweinbergderoca.com\/wp-content\/uploads\/2021\/06\/cropped-favicon.jpg","width":512,"height":512,"caption":"Susana2021"},"logo":{"@id":"https:\/\/inesweinbergderoca.com\/wp-content\/uploads\/2021\/06\/cropped-favicon.jpg"},"sameAs":["https:\/\/inesweinbergderoca.com"],"url":"https:\/\/inesweinbergderoca.com\/index.php\/author\/susana2021\/"}]}},"_links":{"self":[{"href":"https:\/\/inesweinbergderoca.com\/index.php\/wp-json\/wp\/v2\/posts\/2449","targetHints":{"allow":["GET"]}}],"collection":[{"href":"https:\/\/inesweinbergderoca.com\/index.php\/wp-json\/wp\/v2\/posts"}],"about":[{"href":"https:\/\/inesweinbergderoca.com\/index.php\/wp-json\/wp\/v2\/types\/post"}],"author":[{"embeddable":true,"href":"https:\/\/inesweinbergderoca.com\/index.php\/wp-json\/wp\/v2\/users\/1"}],"replies":[{"embeddable":true,"href":"https:\/\/inesweinbergderoca.com\/index.php\/wp-json\/wp\/v2\/comments?post=2449"}],"version-history":[{"count":9,"href":"https:\/\/inesweinbergderoca.com\/index.php\/wp-json\/wp\/v2\/posts\/2449\/revisions"}],"predecessor-version":[{"id":2461,"href":"https:\/\/inesweinbergderoca.com\/index.php\/wp-json\/wp\/v2\/posts\/2449\/revisions\/2461"}],"wp:attachment":[{"href":"https:\/\/inesweinbergderoca.com\/index.php\/wp-json\/wp\/v2\/media?parent=2449"}],"wp:term":[{"taxonomy":"category","embeddable":true,"href":"https:\/\/inesweinbergderoca.com\/index.php\/wp-json\/wp\/v2\/categories?post=2449"},{"taxonomy":"post_tag","embeddable":true,"href":"https:\/\/inesweinbergderoca.com\/index.php\/wp-json\/wp\/v2\/tags?post=2449"}],"curies":[{"name":"wp","href":"https:\/\/api.w.org\/{rel}","templated":true}]}}