{"id":1110,"date":"2021-05-12T05:09:00","date_gmt":"2021-05-12T05:09:00","guid":{"rendered":"https:\/\/inesweinbergderoca.com\/?p=1110"},"modified":"2021-05-21T05:19:19","modified_gmt":"2021-05-21T05:19:19","slug":"los-contratos-internacionales-y-los-tratados-el-derecho-175-658-fecha-23-01-1998","status":"publish","type":"post","link":"https:\/\/inesweinbergderoca.com\/index.php\/2021\/05\/12\/los-contratos-internacionales-y-los-tratados-el-derecho-175-658-fecha-23-01-1998\/","title":{"rendered":"Los contratos internacionales y los tratados; El Derecho, 175-658. Fecha 23\/01\/1998"},"content":{"rendered":"\t\t<div data-elementor-type=\"wp-post\" data-elementor-id=\"1110\" class=\"elementor elementor-1110\" data-elementor-post-type=\"post\">\n\t\t\t\t\t\t<section class=\"elementor-section elementor-top-section elementor-element elementor-element-8cb90ec elementor-section-boxed elementor-section-height-default elementor-section-height-default\" data-id=\"8cb90ec\" data-element_type=\"section\" data-e-type=\"section\">\n\t\t\t\t\t\t<div class=\"elementor-container elementor-column-gap-default\">\n\t\t\t\t\t<div class=\"elementor-column elementor-col-100 elementor-top-column elementor-element elementor-element-25107bb\" data-id=\"25107bb\" data-element_type=\"column\" data-e-type=\"column\">\n\t\t\t<div class=\"elementor-widget-wrap elementor-element-populated\">\n\t\t\t\t\t\t<div class=\"elementor-element elementor-element-c38674d elementor-widget elementor-widget-spacer\" data-id=\"c38674d\" data-element_type=\"widget\" data-e-type=\"widget\" data-widget_type=\"spacer.default\">\n\t\t\t\t<div class=\"elementor-widget-container\">\n\t\t\t\t\t\t\t<div class=\"elementor-spacer\">\n\t\t\t<div class=\"elementor-spacer-inner\"><\/div>\n\t\t<\/div>\n\t\t\t\t\t\t<\/div>\n\t\t\t\t<\/div>\n\t\t\t\t<div class=\"elementor-element elementor-element-01fc45c elementor-widget elementor-widget-text-editor\" data-id=\"01fc45c\" data-element_type=\"widget\" data-e-type=\"widget\" data-widget_type=\"text-editor.default\">\n\t\t\t\t<div class=\"elementor-widget-container\">\n\t\t\t\t\t\t\t\t\t<p style=\"margin: 0cm; margin-bottom: .0001pt; line-height: 11.75pt; background: white;\">El art\u00edculo analiza la normativa de fuente convencional y de fuente interna aplicable para la determinaci\u00f3n del derecho aplicable a los contratos internacionales, as\u00ed como la viabilidad o no del ejercicio de la autonom\u00eda de la voluntad conflictual.<\/p>\t\t\t\t\t\t\t\t<\/div>\n\t\t\t\t<\/div>\n\t\t\t\t<div class=\"elementor-element elementor-element-2437fdc elementor-widget elementor-widget-text-editor\" data-id=\"2437fdc\" data-element_type=\"widget\" data-e-type=\"widget\" data-widget_type=\"text-editor.default\">\n\t\t\t\t<div class=\"elementor-widget-container\">\n\t\t\t\t\t\t\t\t\t<p><strong>Los contratos internacionales y los tratados; El Derecho, 175-658. Fecha 23\/01\/1998<\/strong><\/p><p><strong>PDF COMPLETO<\/strong><\/p>\t\t\t\t\t\t\t\t<\/div>\n\t\t\t\t<\/div>\n\t\t\t\t<div class=\"elementor-element elementor-element-41ecbac elementor-widget elementor-widget-image\" data-id=\"41ecbac\" data-element_type=\"widget\" data-e-type=\"widget\" data-widget_type=\"image.default\">\n\t\t\t\t<div class=\"elementor-widget-container\">\n\t\t\t\t\t\t\t\t\t\t\t\t\t\t\t\t<a href=\"https:\/\/www.inesweinbergderoca.com\/PDF\/(11)%20Contratos%20internaionales%20y%20tratados.pdf\" target=\"_blank\">\n\t\t\t\t\t\t\t<img decoding=\"async\" width=\"32\" height=\"37\" src=\"https:\/\/inesweinbergderoca.com\/wp-content\/uploads\/2021\/05\/modelo-pdf.jpg\" class=\"elementor-animation-pulse-grow attachment-large size-large wp-image-962\" alt=\"\" \/>\t\t\t\t\t\t\t\t<\/a>\n\t\t\t\t\t\t\t\t\t\t\t\t\t\t\t<\/div>\n\t\t\t\t<\/div>\n\t\t\t\t\t<\/div>\n\t\t<\/div>\n\t\t\t\t\t<\/div>\n\t\t<\/section>\n\t\t\t\t<section class=\"elementor-section elementor-top-section elementor-element elementor-element-877d506 elementor-section-boxed elementor-section-height-default elementor-section-height-default\" data-id=\"877d506\" data-element_type=\"section\" data-e-type=\"section\">\n\t\t\t\t\t\t<div class=\"elementor-container elementor-column-gap-default\">\n\t\t\t\t\t<div class=\"elementor-column elementor-col-100 elementor-top-column elementor-element elementor-element-1fae20d\" data-id=\"1fae20d\" data-element_type=\"column\" data-e-type=\"column\">\n\t\t\t<div class=\"elementor-widget-wrap elementor-element-populated\">\n\t\t\t\t\t\t<div class=\"elementor-element elementor-element-0545f53 elementor-widget elementor-widget-spacer\" data-id=\"0545f53\" data-element_type=\"widget\" data-e-type=\"widget\" data-widget_type=\"spacer.default\">\n\t\t\t\t<div class=\"elementor-widget-container\">\n\t\t\t\t\t\t\t<div class=\"elementor-spacer\">\n\t\t\t<div class=\"elementor-spacer-inner\"><\/div>\n\t\t<\/div>\n\t\t\t\t\t\t<\/div>\n\t\t\t\t<\/div>\n\t\t\t\t<div class=\"elementor-element elementor-element-3046e25 elementor-post-navigation-borders-yes elementor-widget elementor-widget-post-navigation\" data-id=\"3046e25\" data-element_type=\"widget\" data-e-type=\"widget\" data-widget_type=\"post-navigation.default\">\n\t\t\t\t<div class=\"elementor-widget-container\">\n\t\t\t\t\t\t\t<div class=\"elementor-post-navigation\" role=\"navigation\" aria-label=\"Post Navigation\">\n\t\t\t<div class=\"elementor-post-navigation__prev elementor-post-navigation__link\">\n\t\t\t\t<a href=\"https:\/\/inesweinbergderoca.com\/index.php\/2021\/05\/11\/concursos-internacionales-en-la-ley-24-522-el-derecho-170-978-fecha-23-01-1997\/\" rel=\"prev\"><span class=\"post-navigation__arrow-wrapper post-navigation__arrow-prev\"><i aria-hidden=\"true\" class=\"fas fa-angle-left\"><\/i><span class=\"elementor-screen-only\">Prev<\/span><\/span><span class=\"elementor-post-navigation__link__prev\"><span class=\"post-navigation__prev--label\">ANTERIOR<\/span><span class=\"post-navigation__prev--title\">Concursos internacionales en la ley 24.522; El Derecho, 170-978. Fecha 23\/01\/1997<\/span><\/span><\/a>\t\t\t<\/div>\n\t\t\t\t\t\t\t<div class=\"elementor-post-navigation__separator-wrapper\">\n\t\t\t\t\t<div class=\"elementor-post-navigation__separator\"><\/div>\n\t\t\t\t<\/div>\n\t\t\t\t\t\t<div class=\"elementor-post-navigation__next elementor-post-navigation__link\">\n\t\t\t\t<a href=\"https:\/\/inesweinbergderoca.com\/index.php\/2021\/05\/14\/el-funcionamiento-de-los-tribunales-en-alemania-federal-el-derecho-175-793-fecha-23-01-1998\/\" rel=\"next\"><span class=\"elementor-post-navigation__link__next\"><span class=\"post-navigation__next--label\">POSTERIOR<\/span><span class=\"post-navigation__next--title\">El funcionamiento de los tribunales en Alemania Federal; El Derecho, 175-793. Fecha 23\/01\/1998<\/span><\/span><span class=\"post-navigation__arrow-wrapper post-navigation__arrow-next\"><i aria-hidden=\"true\" class=\"fas fa-angle-right\"><\/i><span class=\"elementor-screen-only\">Next<\/span><\/span><\/a>\t\t\t<\/div>\n\t\t<\/div>\n\t\t\t\t\t\t<\/div>\n\t\t\t\t<\/div>\n\t\t\t\t\t<\/div>\n\t\t<\/div>\n\t\t\t\t\t<\/div>\n\t\t<\/section>\n\t\t\t\t<\/div>\n\t\t","protected":false},"excerpt":{"rendered":"<p>El art\u00edculo analiza la normativa de fuente convencional y de fuente interna aplicable para la determinaci\u00f3n del derecho aplicable a los contratos internacionales, as\u00ed como la viabilidad o no del ejercicio de la autonom\u00eda de la voluntad conflictual. Los contratos internacionales y los tratados; El Derecho, 175-658. Fecha 23\/01\/1998 PDF COMPLETO<\/p>\n","protected":false},"author":1,"featured_media":0,"comment_status":"closed","ping_status":"closed","sticky":false,"template":"elementor_header_footer","format":"standard","meta":{"_monsterinsights_skip_tracking":false,"_monsterinsights_sitenote_active":false,"_monsterinsights_sitenote_note":"","_monsterinsights_sitenote_category":0,"footnotes":""},"categories":[5],"tags":[],"class_list":["post-1110","post","type-post","status-publish","format-standard","hentry","category-juridicos"],"yoast_head":"<!-- This site is optimized with the Yoast SEO plugin v27.5 - https:\/\/yoast.com\/product\/yoast-seo-wordpress\/ -->\n<title>Los contratos internacionales y los tratados; El Derecho, 175-658. Fecha 23\/01\/1998 &#062; In\u00e9s Weinberg de Roca<\/title>\n<meta name=\"robots\" content=\"index, follow, max-snippet:-1, max-image-preview:large, max-video-preview:-1\" \/>\n<link rel=\"canonical\" href=\"https:\/\/inesweinbergderoca.com\/index.php\/2021\/05\/12\/los-contratos-internacionales-y-los-tratados-el-derecho-175-658-fecha-23-01-1998\/\" \/>\n<meta property=\"og:locale\" content=\"es_ES\" \/>\n<meta property=\"og:type\" content=\"article\" \/>\n<meta property=\"og:title\" content=\"Los contratos internacionales y los tratados; El Derecho, 175-658. Fecha 23\/01\/1998 &#062; In\u00e9s Weinberg de Roca\" \/>\n<meta property=\"og:description\" content=\"El art\u00edculo analiza la normativa de fuente convencional y de fuente interna aplicable para la determinaci\u00f3n del derecho aplicable a los contratos internacionales, as\u00ed como la viabilidad o no del ejercicio de la autonom\u00eda de la voluntad conflictual. Los contratos internacionales y los tratados; El Derecho, 175-658. Fecha 23\/01\/1998 PDF COMPLETO\" \/>\n<meta property=\"og:url\" content=\"https:\/\/inesweinbergderoca.com\/index.php\/2021\/05\/12\/los-contratos-internacionales-y-los-tratados-el-derecho-175-658-fecha-23-01-1998\/\" \/>\n<meta property=\"og:site_name\" content=\"In\u00e9s Weinberg de Roca\" \/>\n<meta property=\"article:published_time\" content=\"2021-05-12T05:09:00+00:00\" \/>\n<meta property=\"article:modified_time\" content=\"2021-05-21T05:19:19+00:00\" \/>\n<meta property=\"og:image\" content=\"https:\/\/inesweinbergderoca.com\/wp-content\/uploads\/2021\/05\/modelo-pdf.jpg\" \/>\n<meta name=\"author\" content=\"Susana2021\" \/>\n<meta name=\"twitter:card\" content=\"summary_large_image\" \/>\n<meta name=\"twitter:label1\" content=\"Escrito por\" \/>\n\t<meta name=\"twitter:data1\" content=\"Susana2021\" \/>\n<script type=\"application\/ld+json\" class=\"yoast-schema-graph\">{\"@context\":\"https:\\\/\\\/schema.org\",\"@graph\":[{\"@type\":\"Article\",\"@id\":\"https:\\\/\\\/inesweinbergderoca.com\\\/index.php\\\/2021\\\/05\\\/12\\\/los-contratos-internacionales-y-los-tratados-el-derecho-175-658-fecha-23-01-1998\\\/#article\",\"isPartOf\":{\"@id\":\"https:\\\/\\\/inesweinbergderoca.com\\\/index.php\\\/2021\\\/05\\\/12\\\/los-contratos-internacionales-y-los-tratados-el-derecho-175-658-fecha-23-01-1998\\\/\"},\"author\":{\"name\":\"Susana2021\",\"@id\":\"https:\\\/\\\/inesweinbergderoca.com\\\/#\\\/schema\\\/person\\\/e935f5cfe8b9d91e4e11182ac4455393\"},\"headline\":\"Los contratos internacionales y los tratados; El Derecho, 175-658. Fecha 23\\\/01\\\/1998\",\"datePublished\":\"2021-05-12T05:09:00+00:00\",\"dateModified\":\"2021-05-21T05:19:19+00:00\",\"mainEntityOfPage\":{\"@id\":\"https:\\\/\\\/inesweinbergderoca.com\\\/index.php\\\/2021\\\/05\\\/12\\\/los-contratos-internacionales-y-los-tratados-el-derecho-175-658-fecha-23-01-1998\\\/\"},\"wordCount\":63,\"publisher\":{\"@id\":\"https:\\\/\\\/inesweinbergderoca.com\\\/#\\\/schema\\\/person\\\/e935f5cfe8b9d91e4e11182ac4455393\"},\"image\":{\"@id\":\"https:\\\/\\\/inesweinbergderoca.com\\\/index.php\\\/2021\\\/05\\\/12\\\/los-contratos-internacionales-y-los-tratados-el-derecho-175-658-fecha-23-01-1998\\\/#primaryimage\"},\"thumbnailUrl\":\"https:\\\/\\\/inesweinbergderoca.com\\\/wp-content\\\/uploads\\\/2021\\\/05\\\/modelo-pdf.jpg\",\"articleSection\":[\"juridicos\"],\"inLanguage\":\"es-AR\"},{\"@type\":\"WebPage\",\"@id\":\"https:\\\/\\\/inesweinbergderoca.com\\\/index.php\\\/2021\\\/05\\\/12\\\/los-contratos-internacionales-y-los-tratados-el-derecho-175-658-fecha-23-01-1998\\\/\",\"url\":\"https:\\\/\\\/inesweinbergderoca.com\\\/index.php\\\/2021\\\/05\\\/12\\\/los-contratos-internacionales-y-los-tratados-el-derecho-175-658-fecha-23-01-1998\\\/\",\"name\":\"Los contratos internacionales y los tratados; El Derecho, 175-658. Fecha 23\\\/01\\\/1998 &#062; In\u00e9s Weinberg de Roca\",\"isPartOf\":{\"@id\":\"https:\\\/\\\/inesweinbergderoca.com\\\/#website\"},\"primaryImageOfPage\":{\"@id\":\"https:\\\/\\\/inesweinbergderoca.com\\\/index.php\\\/2021\\\/05\\\/12\\\/los-contratos-internacionales-y-los-tratados-el-derecho-175-658-fecha-23-01-1998\\\/#primaryimage\"},\"image\":{\"@id\":\"https:\\\/\\\/inesweinbergderoca.com\\\/index.php\\\/2021\\\/05\\\/12\\\/los-contratos-internacionales-y-los-tratados-el-derecho-175-658-fecha-23-01-1998\\\/#primaryimage\"},\"thumbnailUrl\":\"https:\\\/\\\/inesweinbergderoca.com\\\/wp-content\\\/uploads\\\/2021\\\/05\\\/modelo-pdf.jpg\",\"datePublished\":\"2021-05-12T05:09:00+00:00\",\"dateModified\":\"2021-05-21T05:19:19+00:00\",\"breadcrumb\":{\"@id\":\"https:\\\/\\\/inesweinbergderoca.com\\\/index.php\\\/2021\\\/05\\\/12\\\/los-contratos-internacionales-y-los-tratados-el-derecho-175-658-fecha-23-01-1998\\\/#breadcrumb\"},\"inLanguage\":\"es-AR\",\"potentialAction\":[{\"@type\":\"ReadAction\",\"target\":[\"https:\\\/\\\/inesweinbergderoca.com\\\/index.php\\\/2021\\\/05\\\/12\\\/los-contratos-internacionales-y-los-tratados-el-derecho-175-658-fecha-23-01-1998\\\/\"]}]},{\"@type\":\"ImageObject\",\"inLanguage\":\"es-AR\",\"@id\":\"https:\\\/\\\/inesweinbergderoca.com\\\/index.php\\\/2021\\\/05\\\/12\\\/los-contratos-internacionales-y-los-tratados-el-derecho-175-658-fecha-23-01-1998\\\/#primaryimage\",\"url\":\"https:\\\/\\\/inesweinbergderoca.com\\\/wp-content\\\/uploads\\\/2021\\\/05\\\/modelo-pdf.jpg\",\"contentUrl\":\"https:\\\/\\\/inesweinbergderoca.com\\\/wp-content\\\/uploads\\\/2021\\\/05\\\/modelo-pdf.jpg\",\"width\":32,\"height\":37},{\"@type\":\"BreadcrumbList\",\"@id\":\"https:\\\/\\\/inesweinbergderoca.com\\\/index.php\\\/2021\\\/05\\\/12\\\/los-contratos-internacionales-y-los-tratados-el-derecho-175-658-fecha-23-01-1998\\\/#breadcrumb\",\"itemListElement\":[{\"@type\":\"ListItem\",\"position\":1,\"name\":\"Inicio\",\"item\":\"https:\\\/\\\/inesweinbergderoca.com\\\/\"},{\"@type\":\"ListItem\",\"position\":2,\"name\":\"Los contratos internacionales y los tratados; El Derecho, 175-658. Fecha 23\\\/01\\\/1998\"}]},{\"@type\":\"WebSite\",\"@id\":\"https:\\\/\\\/inesweinbergderoca.com\\\/#website\",\"url\":\"https:\\\/\\\/inesweinbergderoca.com\\\/\",\"name\":\"Ines Weinberg de Roca Sitio Oficial\",\"description\":\"\",\"publisher\":{\"@id\":\"https:\\\/\\\/inesweinbergderoca.com\\\/#\\\/schema\\\/person\\\/e935f5cfe8b9d91e4e11182ac4455393\"},\"potentialAction\":[{\"@type\":\"SearchAction\",\"target\":{\"@type\":\"EntryPoint\",\"urlTemplate\":\"https:\\\/\\\/inesweinbergderoca.com\\\/?s={search_term_string}\"},\"query-input\":{\"@type\":\"PropertyValueSpecification\",\"valueRequired\":true,\"valueName\":\"search_term_string\"}}],\"inLanguage\":\"es-AR\"},{\"@type\":[\"Person\",\"Organization\"],\"@id\":\"https:\\\/\\\/inesweinbergderoca.com\\\/#\\\/schema\\\/person\\\/e935f5cfe8b9d91e4e11182ac4455393\",\"name\":\"Susana2021\",\"image\":{\"@type\":\"ImageObject\",\"inLanguage\":\"es-AR\",\"@id\":\"https:\\\/\\\/inesweinbergderoca.com\\\/wp-content\\\/uploads\\\/2021\\\/06\\\/cropped-favicon.jpg\",\"url\":\"https:\\\/\\\/inesweinbergderoca.com\\\/wp-content\\\/uploads\\\/2021\\\/06\\\/cropped-favicon.jpg\",\"contentUrl\":\"https:\\\/\\\/inesweinbergderoca.com\\\/wp-content\\\/uploads\\\/2021\\\/06\\\/cropped-favicon.jpg\",\"width\":512,\"height\":512,\"caption\":\"Susana2021\"},\"logo\":{\"@id\":\"https:\\\/\\\/inesweinbergderoca.com\\\/wp-content\\\/uploads\\\/2021\\\/06\\\/cropped-favicon.jpg\"},\"sameAs\":[\"https:\\\/\\\/inesweinbergderoca.com\"],\"url\":\"https:\\\/\\\/inesweinbergderoca.com\\\/index.php\\\/author\\\/susana2021\\\/\"}]}<\/script>\n<!-- \/ Yoast SEO plugin. -->","yoast_head_json":{"title":"Los contratos internacionales y los tratados; El Derecho, 175-658. Fecha 23\/01\/1998 &#062; In\u00e9s Weinberg de Roca","robots":{"index":"index","follow":"follow","max-snippet":"max-snippet:-1","max-image-preview":"max-image-preview:large","max-video-preview":"max-video-preview:-1"},"canonical":"https:\/\/inesweinbergderoca.com\/index.php\/2021\/05\/12\/los-contratos-internacionales-y-los-tratados-el-derecho-175-658-fecha-23-01-1998\/","og_locale":"es_ES","og_type":"article","og_title":"Los contratos internacionales y los tratados; El Derecho, 175-658. Fecha 23\/01\/1998 &#062; In\u00e9s Weinberg de Roca","og_description":"El art\u00edculo analiza la normativa de fuente convencional y de fuente interna aplicable para la determinaci\u00f3n del derecho aplicable a los contratos internacionales, as\u00ed como la viabilidad o no del ejercicio de la autonom\u00eda de la voluntad conflictual. Los contratos internacionales y los tratados; El Derecho, 175-658. Fecha 23\/01\/1998 PDF COMPLETO","og_url":"https:\/\/inesweinbergderoca.com\/index.php\/2021\/05\/12\/los-contratos-internacionales-y-los-tratados-el-derecho-175-658-fecha-23-01-1998\/","og_site_name":"In\u00e9s Weinberg de Roca","article_published_time":"2021-05-12T05:09:00+00:00","article_modified_time":"2021-05-21T05:19:19+00:00","og_image":[{"url":"https:\/\/inesweinbergderoca.com\/wp-content\/uploads\/2021\/05\/modelo-pdf.jpg","type":"","width":"","height":""}],"author":"Susana2021","twitter_card":"summary_large_image","twitter_misc":{"Escrito por":"Susana2021"},"schema":{"@context":"https:\/\/schema.org","@graph":[{"@type":"Article","@id":"https:\/\/inesweinbergderoca.com\/index.php\/2021\/05\/12\/los-contratos-internacionales-y-los-tratados-el-derecho-175-658-fecha-23-01-1998\/#article","isPartOf":{"@id":"https:\/\/inesweinbergderoca.com\/index.php\/2021\/05\/12\/los-contratos-internacionales-y-los-tratados-el-derecho-175-658-fecha-23-01-1998\/"},"author":{"name":"Susana2021","@id":"https:\/\/inesweinbergderoca.com\/#\/schema\/person\/e935f5cfe8b9d91e4e11182ac4455393"},"headline":"Los contratos internacionales y los tratados; El Derecho, 175-658. Fecha 23\/01\/1998","datePublished":"2021-05-12T05:09:00+00:00","dateModified":"2021-05-21T05:19:19+00:00","mainEntityOfPage":{"@id":"https:\/\/inesweinbergderoca.com\/index.php\/2021\/05\/12\/los-contratos-internacionales-y-los-tratados-el-derecho-175-658-fecha-23-01-1998\/"},"wordCount":63,"publisher":{"@id":"https:\/\/inesweinbergderoca.com\/#\/schema\/person\/e935f5cfe8b9d91e4e11182ac4455393"},"image":{"@id":"https:\/\/inesweinbergderoca.com\/index.php\/2021\/05\/12\/los-contratos-internacionales-y-los-tratados-el-derecho-175-658-fecha-23-01-1998\/#primaryimage"},"thumbnailUrl":"https:\/\/inesweinbergderoca.com\/wp-content\/uploads\/2021\/05\/modelo-pdf.jpg","articleSection":["juridicos"],"inLanguage":"es-AR"},{"@type":"WebPage","@id":"https:\/\/inesweinbergderoca.com\/index.php\/2021\/05\/12\/los-contratos-internacionales-y-los-tratados-el-derecho-175-658-fecha-23-01-1998\/","url":"https:\/\/inesweinbergderoca.com\/index.php\/2021\/05\/12\/los-contratos-internacionales-y-los-tratados-el-derecho-175-658-fecha-23-01-1998\/","name":"Los contratos internacionales y los tratados; El Derecho, 175-658. Fecha 23\/01\/1998 &#062; In\u00e9s Weinberg de Roca","isPartOf":{"@id":"https:\/\/inesweinbergderoca.com\/#website"},"primaryImageOfPage":{"@id":"https:\/\/inesweinbergderoca.com\/index.php\/2021\/05\/12\/los-contratos-internacionales-y-los-tratados-el-derecho-175-658-fecha-23-01-1998\/#primaryimage"},"image":{"@id":"https:\/\/inesweinbergderoca.com\/index.php\/2021\/05\/12\/los-contratos-internacionales-y-los-tratados-el-derecho-175-658-fecha-23-01-1998\/#primaryimage"},"thumbnailUrl":"https:\/\/inesweinbergderoca.com\/wp-content\/uploads\/2021\/05\/modelo-pdf.jpg","datePublished":"2021-05-12T05:09:00+00:00","dateModified":"2021-05-21T05:19:19+00:00","breadcrumb":{"@id":"https:\/\/inesweinbergderoca.com\/index.php\/2021\/05\/12\/los-contratos-internacionales-y-los-tratados-el-derecho-175-658-fecha-23-01-1998\/#breadcrumb"},"inLanguage":"es-AR","potentialAction":[{"@type":"ReadAction","target":["https:\/\/inesweinbergderoca.com\/index.php\/2021\/05\/12\/los-contratos-internacionales-y-los-tratados-el-derecho-175-658-fecha-23-01-1998\/"]}]},{"@type":"ImageObject","inLanguage":"es-AR","@id":"https:\/\/inesweinbergderoca.com\/index.php\/2021\/05\/12\/los-contratos-internacionales-y-los-tratados-el-derecho-175-658-fecha-23-01-1998\/#primaryimage","url":"https:\/\/inesweinbergderoca.com\/wp-content\/uploads\/2021\/05\/modelo-pdf.jpg","contentUrl":"https:\/\/inesweinbergderoca.com\/wp-content\/uploads\/2021\/05\/modelo-pdf.jpg","width":32,"height":37},{"@type":"BreadcrumbList","@id":"https:\/\/inesweinbergderoca.com\/index.php\/2021\/05\/12\/los-contratos-internacionales-y-los-tratados-el-derecho-175-658-fecha-23-01-1998\/#breadcrumb","itemListElement":[{"@type":"ListItem","position":1,"name":"Inicio","item":"https:\/\/inesweinbergderoca.com\/"},{"@type":"ListItem","position":2,"name":"Los contratos internacionales y los tratados; El Derecho, 175-658. Fecha 23\/01\/1998"}]},{"@type":"WebSite","@id":"https:\/\/inesweinbergderoca.com\/#website","url":"https:\/\/inesweinbergderoca.com\/","name":"Ines Weinberg de Roca Sitio Oficial","description":"","publisher":{"@id":"https:\/\/inesweinbergderoca.com\/#\/schema\/person\/e935f5cfe8b9d91e4e11182ac4455393"},"potentialAction":[{"@type":"SearchAction","target":{"@type":"EntryPoint","urlTemplate":"https:\/\/inesweinbergderoca.com\/?s={search_term_string}"},"query-input":{"@type":"PropertyValueSpecification","valueRequired":true,"valueName":"search_term_string"}}],"inLanguage":"es-AR"},{"@type":["Person","Organization"],"@id":"https:\/\/inesweinbergderoca.com\/#\/schema\/person\/e935f5cfe8b9d91e4e11182ac4455393","name":"Susana2021","image":{"@type":"ImageObject","inLanguage":"es-AR","@id":"https:\/\/inesweinbergderoca.com\/wp-content\/uploads\/2021\/06\/cropped-favicon.jpg","url":"https:\/\/inesweinbergderoca.com\/wp-content\/uploads\/2021\/06\/cropped-favicon.jpg","contentUrl":"https:\/\/inesweinbergderoca.com\/wp-content\/uploads\/2021\/06\/cropped-favicon.jpg","width":512,"height":512,"caption":"Susana2021"},"logo":{"@id":"https:\/\/inesweinbergderoca.com\/wp-content\/uploads\/2021\/06\/cropped-favicon.jpg"},"sameAs":["https:\/\/inesweinbergderoca.com"],"url":"https:\/\/inesweinbergderoca.com\/index.php\/author\/susana2021\/"}]}},"_links":{"self":[{"href":"https:\/\/inesweinbergderoca.com\/index.php\/wp-json\/wp\/v2\/posts\/1110","targetHints":{"allow":["GET"]}}],"collection":[{"href":"https:\/\/inesweinbergderoca.com\/index.php\/wp-json\/wp\/v2\/posts"}],"about":[{"href":"https:\/\/inesweinbergderoca.com\/index.php\/wp-json\/wp\/v2\/types\/post"}],"author":[{"embeddable":true,"href":"https:\/\/inesweinbergderoca.com\/index.php\/wp-json\/wp\/v2\/users\/1"}],"replies":[{"embeddable":true,"href":"https:\/\/inesweinbergderoca.com\/index.php\/wp-json\/wp\/v2\/comments?post=1110"}],"version-history":[{"count":4,"href":"https:\/\/inesweinbergderoca.com\/index.php\/wp-json\/wp\/v2\/posts\/1110\/revisions"}],"predecessor-version":[{"id":1115,"href":"https:\/\/inesweinbergderoca.com\/index.php\/wp-json\/wp\/v2\/posts\/1110\/revisions\/1115"}],"wp:attachment":[{"href":"https:\/\/inesweinbergderoca.com\/index.php\/wp-json\/wp\/v2\/media?parent=1110"}],"wp:term":[{"taxonomy":"category","embeddable":true,"href":"https:\/\/inesweinbergderoca.com\/index.php\/wp-json\/wp\/v2\/categories?post=1110"},{"taxonomy":"post_tag","embeddable":true,"href":"https:\/\/inesweinbergderoca.com\/index.php\/wp-json\/wp\/v2\/tags?post=1110"}],"curies":[{"name":"wp","href":"https:\/\/api.w.org\/{rel}","templated":true}]}}